{"id":16964,"date":"2024-08-12T10:56:03","date_gmt":"2024-08-12T14:56:03","guid":{"rendered":"https:\/\/www.manquecura.cl\/ciudad-de-los-valles\/?p=16964"},"modified":"2024-08-12T10:56:03","modified_gmt":"2024-08-12T14:56:03","slug":"taller-de-robotica-protesis","status":"publish","type":"post","link":"https:\/\/www.manquecura.cl\/ciudad-de-los-valles\/noticias\/taller-de-robotica-protesis\/","title":{"rendered":"Innovaci\u00f3n el Taller de Rob\u00f3tica: Estudiantes de 6\u00baA le dan nuevas manos a Elliott"},"content":{"rendered":"<p>Nos complace compartir una noticia emocionante y llena de innovaci\u00f3n. Nuestros talentosos estudiantes de 6\u00baA, Elena Gallegos, Constanza Barra, Amaro Gonz\u00e1lez, y Liam Dussaillant, han desarrollado un proyecto extraordinario en el taller de rob\u00f3tica, liderado por Miss Marianela Jim\u00e9nez.<\/p>\n<p>Con dedicaci\u00f3n y creatividad, estos j\u00f3venes inventores han dise\u00f1ado y construido una pr\u00f3tesis frontal destinada a perros con movilidad reducida en sus patas delanteras. Utilizando materiales y software de LEGO, armaron y programaron un dispositivo apodado <em>Lightning McQueen,<\/em> que no solo se desplaza, sino que tambi\u00e9n se detiene autom\u00e1ticamente gracias a sensores integrados que garantizan la seguridad de la mascota.<\/p>\n<p>El afortunado beneficiario de esta innovadora pr\u00f3tesis es <em>Elliott<\/em>, un perro que fue nombrado cari\u00f1osamente por los propios creadores del dispositivo. Este equipo de estudiantes continuar\u00e1 mejorando y probando su invento, asegurando que Elliott pueda disfrutar de una mejor calidad de vida a medida que avanza el proyecto.<\/p>\n<p>\u00a1Felicitaciones a nuestros estudiantes por su incre\u00edble logro y por demostrar que la rob\u00f3tica puede cambiar vidas!<\/p>\n"},"excerpt":{"rendered":"<p>Nos complace compartir una noticia emocionante y llena de innovaci\u00f3n. Nuestros talentosos estudiantes de 6\u00baA, Elena Gallegos, Constanza Barra, Amaro Gonz\u00e1lez, y Liam Dussaillant, han desarrollado un proyecto extraordinario en el taller de rob\u00f3tica, liderado por Miss Marianela Jim\u00e9nez. Con dedicaci\u00f3n y creatividad, estos j\u00f3venes inventores han dise\u00f1ado y construido una pr\u00f3tesis frontal destinada a [&hellip;]<\/p>\n","protected":false},"author":14,"featured_media":16965,"comment_status":"open","ping_status":"open","sticky":false,"template":"","format":"standard","meta":{"_acf_changed":false,"content-type":"","_jetpack_memberships_contains_paid_content":false,"footnotes":""},"categories":[1],"tags":[],"class_list":["post-16964","post","type-post","status-publish","format-standard","has-post-thumbnail","hentry","category-vida-escolar"],"acf":[],"yoast_head":"<!-- This site is optimized with the Yoast SEO plugin v27.1.1 - https:\/\/yoast.com\/product\/yoast-seo-wordpress\/ -->\n<title>Innovaci\u00f3n el Taller de Rob\u00f3tica: Estudiantes de 6\u00baA le dan nuevas manos a Elliott - Colegio Manquecura Ciudad de los Valles<\/title>\n<meta name=\"robots\" content=\"index, follow, max-snippet:-1, max-image-preview:large, max-video-preview:-1\" \/>\n<link rel=\"canonical\" href=\"https:\/\/www.manquecura.cl\/ciudad-de-los-valles\/noticias\/taller-de-robotica-protesis\/\" \/>\n<meta property=\"og:locale\" content=\"es_ES\" \/>\n<meta property=\"og:type\" content=\"article\" \/>\n<meta property=\"og:title\" content=\"Innovaci\u00f3n el Taller de Rob\u00f3tica: Estudiantes de 6\u00baA le dan nuevas manos a Elliott - Colegio Manquecura Ciudad de los Valles\" \/>\n<meta property=\"og:description\" content=\"Nos complace compartir una noticia emocionante y llena de innovaci\u00f3n. Nuestros talentosos estudiantes de 6\u00baA, Elena Gallegos, Constanza Barra, Amaro Gonz\u00e1lez, y Liam Dussaillant, han desarrollado un proyecto extraordinario en el taller de rob\u00f3tica, liderado por Miss Marianela Jim\u00e9nez. Con dedicaci\u00f3n y creatividad, estos j\u00f3venes inventores han dise\u00f1ado y construido una pr\u00f3tesis frontal destinada a [&hellip;]\" \/>\n<meta property=\"og:url\" content=\"https:\/\/www.manquecura.cl\/ciudad-de-los-valles\/noticias\/taller-de-robotica-protesis\/\" \/>\n<meta property=\"og:site_name\" content=\"Colegio Manquecura Ciudad de los Valles\" \/>\n<meta property=\"article:publisher\" content=\"http:\/\/www.facebook.com\/ColegiosManquecura\" \/>\n<meta property=\"article:published_time\" content=\"2024-08-12T14:56:03+00:00\" \/>\n<meta property=\"og:image\" content=\"https:\/\/www.manquecura.cl\/ciudad-de-los-valles\/wp-content\/uploads\/sites\/42\/2024\/08\/09.44.37-e1723473205585.jpeg\" \/>\n\t<meta property=\"og:image:width\" content=\"1146\" \/>\n\t<meta property=\"og:image:height\" content=\"696\" \/>\n\t<meta property=\"og:image:type\" content=\"image\/jpeg\" \/>\n<meta name=\"author\" content=\"jorgedelcampo\" \/>\n<meta name=\"twitter:card\" content=\"summary_large_image\" \/>\n<meta name=\"twitter:label1\" content=\"Escrito por\" \/>\n\t<meta name=\"twitter:data1\" content=\"jorgedelcampo\" \/>\n\t<meta name=\"twitter:label2\" content=\"Tiempo de lectura\" \/>\n\t<meta name=\"twitter:data2\" content=\"1 minuto\" \/>\n<script type=\"application\/ld+json\" class=\"yoast-schema-graph\">{\"@context\":\"https:\/\/schema.org\",\"@graph\":[{\"@type\":\"Article\",\"@id\":\"https:\/\/www.manquecura.cl\/ciudad-de-los-valles\/noticias\/taller-de-robotica-protesis\/#article\",\"isPartOf\":{\"@id\":\"https:\/\/www.manquecura.cl\/ciudad-de-los-valles\/noticias\/taller-de-robotica-protesis\/\"},\"author\":{\"name\":\"jorgedelcampo\",\"@id\":\"https:\/\/www.manquecura.cl\/ciudad-de-los-valles\/#\/schema\/person\/0debeea140e397b5d490ee7e553255d8\"},\"headline\":\"Innovaci\u00f3n el Taller de Rob\u00f3tica: Estudiantes de 6\u00baA le dan nuevas manos a Elliott\",\"datePublished\":\"2024-08-12T14:56:03+00:00\",\"mainEntityOfPage\":{\"@id\":\"https:\/\/www.manquecura.cl\/ciudad-de-los-valles\/noticias\/taller-de-robotica-protesis\/\"},\"wordCount\":194,\"commentCount\":0,\"publisher\":{\"@id\":\"https:\/\/www.manquecura.cl\/ciudad-de-los-valles\/#organization\"},\"image\":{\"@id\":\"https:\/\/www.manquecura.cl\/ciudad-de-los-valles\/noticias\/taller-de-robotica-protesis\/#primaryimage\"},\"thumbnailUrl\":\"https:\/\/www.manquecura.cl\/ciudad-de-los-valles\/wp-content\/uploads\/sites\/42\/2024\/08\/09.44.37-e1723473205585.jpeg\",\"articleSection\":[\"Vida Escolar\"],\"inLanguage\":\"es\",\"potentialAction\":[{\"@type\":\"CommentAction\",\"name\":\"Comment\",\"target\":[\"https:\/\/www.manquecura.cl\/ciudad-de-los-valles\/noticias\/taller-de-robotica-protesis\/#respond\"]}]},{\"@type\":\"WebPage\",\"@id\":\"https:\/\/www.manquecura.cl\/ciudad-de-los-valles\/noticias\/taller-de-robotica-protesis\/\",\"url\":\"https:\/\/www.manquecura.cl\/ciudad-de-los-valles\/noticias\/taller-de-robotica-protesis\/\",\"name\":\"Innovaci\u00f3n el Taller de Rob\u00f3tica: Estudiantes de 6\u00baA le dan nuevas manos a Elliott - Colegio Manquecura Ciudad de los Valles\",\"isPartOf\":{\"@id\":\"https:\/\/www.manquecura.cl\/ciudad-de-los-valles\/#website\"},\"primaryImageOfPage\":{\"@id\":\"https:\/\/www.manquecura.cl\/ciudad-de-los-valles\/noticias\/taller-de-robotica-protesis\/#primaryimage\"},\"image\":{\"@id\":\"https:\/\/www.manquecura.cl\/ciudad-de-los-valles\/noticias\/taller-de-robotica-protesis\/#primaryimage\"},\"thumbnailUrl\":\"https:\/\/www.manquecura.cl\/ciudad-de-los-valles\/wp-content\/uploads\/sites\/42\/2024\/08\/09.44.37-e1723473205585.jpeg\",\"datePublished\":\"2024-08-12T14:56:03+00:00\",\"breadcrumb\":{\"@id\":\"https:\/\/www.manquecura.cl\/ciudad-de-los-valles\/noticias\/taller-de-robotica-protesis\/#breadcrumb\"},\"inLanguage\":\"es\",\"potentialAction\":[{\"@type\":\"ReadAction\",\"target\":[\"https:\/\/www.manquecura.cl\/ciudad-de-los-valles\/noticias\/taller-de-robotica-protesis\/\"]}]},{\"@type\":\"ImageObject\",\"inLanguage\":\"es\",\"@id\":\"https:\/\/www.manquecura.cl\/ciudad-de-los-valles\/noticias\/taller-de-robotica-protesis\/#primaryimage\",\"url\":\"https:\/\/www.manquecura.cl\/ciudad-de-los-valles\/wp-content\/uploads\/sites\/42\/2024\/08\/09.44.37-e1723473205585.jpeg\",\"contentUrl\":\"https:\/\/www.manquecura.cl\/ciudad-de-los-valles\/wp-content\/uploads\/sites\/42\/2024\/08\/09.44.37-e1723473205585.jpeg\",\"width\":1146,\"height\":696},{\"@type\":\"BreadcrumbList\",\"@id\":\"https:\/\/www.manquecura.cl\/ciudad-de-los-valles\/noticias\/taller-de-robotica-protesis\/#breadcrumb\",\"itemListElement\":[{\"@type\":\"ListItem\",\"position\":1,\"name\":\"Home\",\"item\":\"https:\/\/www.manquecura.cl\/ciudad-de-los-valles\/\"},{\"@type\":\"ListItem\",\"position\":2,\"name\":\"Innovaci\u00f3n el Taller de Rob\u00f3tica: Estudiantes de 6\u00baA le dan nuevas manos a Elliott\"}]},{\"@type\":\"WebSite\",\"@id\":\"https:\/\/www.manquecura.cl\/ciudad-de-los-valles\/#website\",\"url\":\"https:\/\/www.manquecura.cl\/ciudad-de-los-valles\/\",\"name\":\"Colegio Manquecura Ciudad de los Valles\",\"description\":\"Cognita Schools\",\"publisher\":{\"@id\":\"https:\/\/www.manquecura.cl\/ciudad-de-los-valles\/#organization\"},\"potentialAction\":[{\"@type\":\"SearchAction\",\"target\":{\"@type\":\"EntryPoint\",\"urlTemplate\":\"https:\/\/www.manquecura.cl\/ciudad-de-los-valles\/?s={search_term_string}\"},\"query-input\":{\"@type\":\"PropertyValueSpecification\",\"valueRequired\":true,\"valueName\":\"search_term_string\"}}],\"inLanguage\":\"es\"},{\"@type\":\"Organization\",\"@id\":\"https:\/\/www.manquecura.cl\/ciudad-de-los-valles\/#organization\",\"name\":\"Colegio Manquecura Ciudad de los Valles\",\"url\":\"https:\/\/www.manquecura.cl\/ciudad-de-los-valles\/\",\"logo\":{\"@type\":\"ImageObject\",\"inLanguage\":\"es\",\"@id\":\"https:\/\/www.manquecura.cl\/ciudad-de-los-valles\/#\/schema\/logo\/image\/\",\"url\":\"https:\/\/www.manquecura.cl\/ciudad-de-los-valles\/wp-content\/uploads\/sites\/42\/2025\/02\/logo_Manquecura_Ciudad-de-Los-Valles_horizontal_color.jpg\",\"contentUrl\":\"https:\/\/www.manquecura.cl\/ciudad-de-los-valles\/wp-content\/uploads\/sites\/42\/2025\/02\/logo_Manquecura_Ciudad-de-Los-Valles_horizontal_color.jpg\",\"width\":599,\"height\":179,\"caption\":\"Colegio Manquecura Ciudad de los Valles\"},\"image\":{\"@id\":\"https:\/\/www.manquecura.cl\/ciudad-de-los-valles\/#\/schema\/logo\/image\/\"},\"sameAs\":[\"http:\/\/www.facebook.com\/ColegiosManquecura\",\"https:\/\/www.manquecura.cl\/ciudad-de-los-valles\/\",\"http:\/\/www.youtube.com\/c\/CognitaChile\"]},{\"@type\":\"Person\",\"@id\":\"https:\/\/www.manquecura.cl\/ciudad-de-los-valles\/#\/schema\/person\/0debeea140e397b5d490ee7e553255d8\",\"name\":\"jorgedelcampo\",\"image\":{\"@type\":\"ImageObject\",\"inLanguage\":\"es\",\"@id\":\"https:\/\/www.manquecura.cl\/ciudad-de-los-valles\/#\/schema\/person\/image\/\",\"url\":\"https:\/\/secure.gravatar.com\/avatar\/4a315f521213b2dc91dbda9bf799f711c8a98ab6f5606ec42cf5b33d1e762e8a?s=96&d=mm&r=g\",\"contentUrl\":\"https:\/\/secure.gravatar.com\/avatar\/4a315f521213b2dc91dbda9bf799f711c8a98ab6f5606ec42cf5b33d1e762e8a?s=96&d=mm&r=g\",\"caption\":\"jorgedelcampo\"}}]}<\/script>\n<!-- \/ Yoast SEO plugin. -->","yoast_head_json":{"title":"Innovaci\u00f3n el Taller de Rob\u00f3tica: Estudiantes de 6\u00baA le dan nuevas manos a Elliott - Colegio Manquecura Ciudad de los Valles","robots":{"index":"index","follow":"follow","max-snippet":"max-snippet:-1","max-image-preview":"max-image-preview:large","max-video-preview":"max-video-preview:-1"},"canonical":"https:\/\/www.manquecura.cl\/ciudad-de-los-valles\/noticias\/taller-de-robotica-protesis\/","og_locale":"es_ES","og_type":"article","og_title":"Innovaci\u00f3n el Taller de Rob\u00f3tica: Estudiantes de 6\u00baA le dan nuevas manos a Elliott - Colegio Manquecura Ciudad de los Valles","og_description":"Nos complace compartir una noticia emocionante y llena de innovaci\u00f3n. Nuestros talentosos estudiantes de 6\u00baA, Elena Gallegos, Constanza Barra, Amaro Gonz\u00e1lez, y Liam Dussaillant, han desarrollado un proyecto extraordinario en el taller de rob\u00f3tica, liderado por Miss Marianela Jim\u00e9nez. Con dedicaci\u00f3n y creatividad, estos j\u00f3venes inventores han dise\u00f1ado y construido una pr\u00f3tesis frontal destinada a [&hellip;]","og_url":"https:\/\/www.manquecura.cl\/ciudad-de-los-valles\/noticias\/taller-de-robotica-protesis\/","og_site_name":"Colegio Manquecura Ciudad de los Valles","article_publisher":"http:\/\/www.facebook.com\/ColegiosManquecura","article_published_time":"2024-08-12T14:56:03+00:00","og_image":[{"width":1146,"height":696,"url":"https:\/\/www.manquecura.cl\/ciudad-de-los-valles\/wp-content\/uploads\/sites\/42\/2024\/08\/09.44.37-e1723473205585.jpeg","type":"image\/jpeg"}],"author":"jorgedelcampo","twitter_card":"summary_large_image","twitter_misc":{"Escrito por":"jorgedelcampo","Tiempo de lectura":"1 minuto"},"schema":{"@context":"https:\/\/schema.org","@graph":[{"@type":"Article","@id":"https:\/\/www.manquecura.cl\/ciudad-de-los-valles\/noticias\/taller-de-robotica-protesis\/#article","isPartOf":{"@id":"https:\/\/www.manquecura.cl\/ciudad-de-los-valles\/noticias\/taller-de-robotica-protesis\/"},"author":{"name":"jorgedelcampo","@id":"https:\/\/www.manquecura.cl\/ciudad-de-los-valles\/#\/schema\/person\/0debeea140e397b5d490ee7e553255d8"},"headline":"Innovaci\u00f3n el Taller de Rob\u00f3tica: Estudiantes de 6\u00baA le dan nuevas manos a Elliott","datePublished":"2024-08-12T14:56:03+00:00","mainEntityOfPage":{"@id":"https:\/\/www.manquecura.cl\/ciudad-de-los-valles\/noticias\/taller-de-robotica-protesis\/"},"wordCount":194,"commentCount":0,"publisher":{"@id":"https:\/\/www.manquecura.cl\/ciudad-de-los-valles\/#organization"},"image":{"@id":"https:\/\/www.manquecura.cl\/ciudad-de-los-valles\/noticias\/taller-de-robotica-protesis\/#primaryimage"},"thumbnailUrl":"https:\/\/www.manquecura.cl\/ciudad-de-los-valles\/wp-content\/uploads\/sites\/42\/2024\/08\/09.44.37-e1723473205585.jpeg","articleSection":["Vida Escolar"],"inLanguage":"es","potentialAction":[{"@type":"CommentAction","name":"Comment","target":["https:\/\/www.manquecura.cl\/ciudad-de-los-valles\/noticias\/taller-de-robotica-protesis\/#respond"]}]},{"@type":"WebPage","@id":"https:\/\/www.manquecura.cl\/ciudad-de-los-valles\/noticias\/taller-de-robotica-protesis\/","url":"https:\/\/www.manquecura.cl\/ciudad-de-los-valles\/noticias\/taller-de-robotica-protesis\/","name":"Innovaci\u00f3n el Taller de Rob\u00f3tica: Estudiantes de 6\u00baA le dan nuevas manos a Elliott - Colegio Manquecura Ciudad de los Valles","isPartOf":{"@id":"https:\/\/www.manquecura.cl\/ciudad-de-los-valles\/#website"},"primaryImageOfPage":{"@id":"https:\/\/www.manquecura.cl\/ciudad-de-los-valles\/noticias\/taller-de-robotica-protesis\/#primaryimage"},"image":{"@id":"https:\/\/www.manquecura.cl\/ciudad-de-los-valles\/noticias\/taller-de-robotica-protesis\/#primaryimage"},"thumbnailUrl":"https:\/\/www.manquecura.cl\/ciudad-de-los-valles\/wp-content\/uploads\/sites\/42\/2024\/08\/09.44.37-e1723473205585.jpeg","datePublished":"2024-08-12T14:56:03+00:00","breadcrumb":{"@id":"https:\/\/www.manquecura.cl\/ciudad-de-los-valles\/noticias\/taller-de-robotica-protesis\/#breadcrumb"},"inLanguage":"es","potentialAction":[{"@type":"ReadAction","target":["https:\/\/www.manquecura.cl\/ciudad-de-los-valles\/noticias\/taller-de-robotica-protesis\/"]}]},{"@type":"ImageObject","inLanguage":"es","@id":"https:\/\/www.manquecura.cl\/ciudad-de-los-valles\/noticias\/taller-de-robotica-protesis\/#primaryimage","url":"https:\/\/www.manquecura.cl\/ciudad-de-los-valles\/wp-content\/uploads\/sites\/42\/2024\/08\/09.44.37-e1723473205585.jpeg","contentUrl":"https:\/\/www.manquecura.cl\/ciudad-de-los-valles\/wp-content\/uploads\/sites\/42\/2024\/08\/09.44.37-e1723473205585.jpeg","width":1146,"height":696},{"@type":"BreadcrumbList","@id":"https:\/\/www.manquecura.cl\/ciudad-de-los-valles\/noticias\/taller-de-robotica-protesis\/#breadcrumb","itemListElement":[{"@type":"ListItem","position":1,"name":"Home","item":"https:\/\/www.manquecura.cl\/ciudad-de-los-valles\/"},{"@type":"ListItem","position":2,"name":"Innovaci\u00f3n el Taller de Rob\u00f3tica: Estudiantes de 6\u00baA le dan nuevas manos a Elliott"}]},{"@type":"WebSite","@id":"https:\/\/www.manquecura.cl\/ciudad-de-los-valles\/#website","url":"https:\/\/www.manquecura.cl\/ciudad-de-los-valles\/","name":"Colegio Manquecura Ciudad de los Valles","description":"Cognita Schools","publisher":{"@id":"https:\/\/www.manquecura.cl\/ciudad-de-los-valles\/#organization"},"potentialAction":[{"@type":"SearchAction","target":{"@type":"EntryPoint","urlTemplate":"https:\/\/www.manquecura.cl\/ciudad-de-los-valles\/?s={search_term_string}"},"query-input":{"@type":"PropertyValueSpecification","valueRequired":true,"valueName":"search_term_string"}}],"inLanguage":"es"},{"@type":"Organization","@id":"https:\/\/www.manquecura.cl\/ciudad-de-los-valles\/#organization","name":"Colegio Manquecura Ciudad de los Valles","url":"https:\/\/www.manquecura.cl\/ciudad-de-los-valles\/","logo":{"@type":"ImageObject","inLanguage":"es","@id":"https:\/\/www.manquecura.cl\/ciudad-de-los-valles\/#\/schema\/logo\/image\/","url":"https:\/\/www.manquecura.cl\/ciudad-de-los-valles\/wp-content\/uploads\/sites\/42\/2025\/02\/logo_Manquecura_Ciudad-de-Los-Valles_horizontal_color.jpg","contentUrl":"https:\/\/www.manquecura.cl\/ciudad-de-los-valles\/wp-content\/uploads\/sites\/42\/2025\/02\/logo_Manquecura_Ciudad-de-Los-Valles_horizontal_color.jpg","width":599,"height":179,"caption":"Colegio Manquecura Ciudad de los Valles"},"image":{"@id":"https:\/\/www.manquecura.cl\/ciudad-de-los-valles\/#\/schema\/logo\/image\/"},"sameAs":["http:\/\/www.facebook.com\/ColegiosManquecura","https:\/\/www.manquecura.cl\/ciudad-de-los-valles\/","http:\/\/www.youtube.com\/c\/CognitaChile"]},{"@type":"Person","@id":"https:\/\/www.manquecura.cl\/ciudad-de-los-valles\/#\/schema\/person\/0debeea140e397b5d490ee7e553255d8","name":"jorgedelcampo","image":{"@type":"ImageObject","inLanguage":"es","@id":"https:\/\/www.manquecura.cl\/ciudad-de-los-valles\/#\/schema\/person\/image\/","url":"https:\/\/secure.gravatar.com\/avatar\/4a315f521213b2dc91dbda9bf799f711c8a98ab6f5606ec42cf5b33d1e762e8a?s=96&d=mm&r=g","contentUrl":"https:\/\/secure.gravatar.com\/avatar\/4a315f521213b2dc91dbda9bf799f711c8a98ab6f5606ec42cf5b33d1e762e8a?s=96&d=mm&r=g","caption":"jorgedelcampo"}}]}},"jetpack_featured_media_url":"https:\/\/www.manquecura.cl\/ciudad-de-los-valles\/wp-content\/uploads\/sites\/42\/2024\/08\/09.44.37-e1723473205585.jpeg","previous_post_ID":16954,"previous_post_title":"Cierre ABP \"Conociendo el Universo a trav\u00e9s de la Tecnolog\u00eda\" en Educaci\u00f3n Parvularia","previous_post_excerpt":"Hoy, 9 de agosto, se llev\u00f3 a cabo el esperado cierre del proyecto de Aprendizaje Basado en Proyectos (ABP) &#8220;Conociendo el Universo a trav\u00e9s de la Tecnolog\u00eda&#8221; en nuestro ciclo de Educaci\u00f3n Parvularia en el Colegio Manquecura Ciudad de Los Valles. En esta ocasi\u00f3n especial, los apoderados del ciclo de Preescolar fueron invitados a participar [&hellip;]","previous_post_link":"https:\/\/www.manquecura.cl\/ciudad-de-los-valles\/noticias\/cierre-abp-conociendo-el-universo-a-traves-de-la-tecnologia-en-educacion-parvularia\/","previous_post_class":["post-16954","post","type-post","status-publish","format-standard","has-post-thumbnail","hentry","category-vida-escolar"],"next_post_ID":16972,"next_post_title":"\u00a1Nueva Zona de Juegos en Manquecura Ciudad de los Valles!","next_post_excerpt":"Estimada comunidad Manquecura Ciudad de los Valles, En nuestro continuo compromiso por mejorar, es un placer compartir con ustedes una noticia que nos tiene muy contentos. \u00a1Celebramos el inicio de la instalaci\u00f3n de la nueva Zona de Juegos! Durante el mes de agosto, comenzaremos la instalaci\u00f3n de una nueva zona de juegos en nuestro colegio, [&hellip;]","next_post_link":"https:\/\/www.manquecura.cl\/ciudad-de-los-valles\/noticias\/nueva-zona-de-juegos-en-manquecura-ciudad-de-los-valles\/","next_post_class":["post-16972","post","type-post","status-publish","format-standard","has-post-thumbnail","hentry","category-vida-escolar"],"jetpack_sharing_enabled":true,"_links":{"self":[{"href":"https:\/\/www.manquecura.cl\/ciudad-de-los-valles\/wp-json\/wp\/v2\/posts\/16964","targetHints":{"allow":["GET"]}}],"collection":[{"href":"https:\/\/www.manquecura.cl\/ciudad-de-los-valles\/wp-json\/wp\/v2\/posts"}],"about":[{"href":"https:\/\/www.manquecura.cl\/ciudad-de-los-valles\/wp-json\/wp\/v2\/types\/post"}],"author":[{"embeddable":true,"href":"https:\/\/www.manquecura.cl\/ciudad-de-los-valles\/wp-json\/wp\/v2\/users\/14"}],"replies":[{"embeddable":true,"href":"https:\/\/www.manquecura.cl\/ciudad-de-los-valles\/wp-json\/wp\/v2\/comments?post=16964"}],"version-history":[{"count":0,"href":"https:\/\/www.manquecura.cl\/ciudad-de-los-valles\/wp-json\/wp\/v2\/posts\/16964\/revisions"}],"wp:featuredmedia":[{"embeddable":true,"href":"https:\/\/www.manquecura.cl\/ciudad-de-los-valles\/wp-json\/wp\/v2\/media\/16965"}],"wp:attachment":[{"href":"https:\/\/www.manquecura.cl\/ciudad-de-los-valles\/wp-json\/wp\/v2\/media?parent=16964"}],"wp:term":[{"taxonomy":"category","embeddable":true,"href":"https:\/\/www.manquecura.cl\/ciudad-de-los-valles\/wp-json\/wp\/v2\/categories?post=16964"},{"taxonomy":"post_tag","embeddable":true,"href":"https:\/\/www.manquecura.cl\/ciudad-de-los-valles\/wp-json\/wp\/v2\/tags?post=16964"}],"curies":[{"name":"wp","href":"https:\/\/api.w.org\/{rel}","templated":true}]}}