{"id":16772,"date":"2024-07-09T13:17:40","date_gmt":"2024-07-09T17:17:40","guid":{"rendered":"https:\/\/www.manquecura.cl\/ciudad-de-los-valles\/?p=16772"},"modified":"2024-07-09T13:17:40","modified_gmt":"2024-07-09T17:17:40","slug":"feria-universitaria-en-colegio-manquecura-ciudad-de-los-valles","status":"publish","type":"post","link":"https:\/\/www.manquecura.cl\/ciudad-de-los-valles\/noticias\/feria-universitaria-en-colegio-manquecura-ciudad-de-los-valles\/","title":{"rendered":"Feria Universitaria en Colegio Manquecura Ciudad de los Valles"},"content":{"rendered":"<p>El pasado martes 9 de julio, durante la ma\u00f1ana, nuestro colegio Manquecura Ciudad de los Valles tuvo el placer de realizar una <strong>Feria Universitaria<\/strong> dirigida a los estudiantes de I a IV medio. Este evento tuvo como objetivo principal brindar a nuestros alumnos una visi\u00f3n amplia y detallada sobre las diversas oportunidades acad\u00e9micas que tienen a su disposici\u00f3n.<\/p>\n<p>En la feria, se instalaron varios stands representando a distintas universidades y preuniversitarios, cada uno proporcionando informaci\u00f3n valiosa sobre las diversas carreras universitarias que ofrecen. Los estudiantes tuvieron la oportunidad de interactuar directamente con los representantes de las universidades, hacer preguntas y obtener orientaci\u00f3n sobre sus futuras decisiones acad\u00e9micas y profesionales.<\/p>\n<p>Agradecemos a todas las instituciones educativas que participaron y colaboraron para hacer de esta feria un evento enriquecedor y motivador para nuestros estudiantes. Tambi\u00e9n extendemos nuestro agradecimiento a los docentes y personal administrativo que hicieron posible la realizaci\u00f3n de esta actividad. Este tipo de iniciativas son fundamentales para guiar y apoyar a nuestros j\u00f3venes en la construcci\u00f3n de su futuro acad\u00e9mico y profesional.<\/p>\n"},"excerpt":{"rendered":"<p>El pasado martes 9 de julio, durante la ma\u00f1ana, nuestro colegio Manquecura Ciudad de los Valles tuvo el placer de realizar una Feria Universitaria dirigida a los estudiantes de I a IV medio. Este evento tuvo como objetivo principal brindar a nuestros alumnos una visi\u00f3n amplia y detallada sobre las diversas oportunidades acad\u00e9micas que tienen [&hellip;]<\/p>\n","protected":false},"author":14,"featured_media":16773,"comment_status":"open","ping_status":"open","sticky":false,"template":"","format":"standard","meta":{"_acf_changed":false,"content-type":"","_jetpack_memberships_contains_paid_content":false,"footnotes":""},"categories":[1],"tags":[],"class_list":["post-16772","post","type-post","status-publish","format-standard","has-post-thumbnail","hentry","category-vida-escolar"],"acf":[],"yoast_head":"<!-- This site is optimized with the Yoast SEO plugin v27.1.1 - https:\/\/yoast.com\/product\/yoast-seo-wordpress\/ -->\n<title>Feria Universitaria en Colegio Manquecura Ciudad de los Valles - Colegio Manquecura Ciudad de los Valles<\/title>\n<meta name=\"robots\" content=\"index, follow, max-snippet:-1, max-image-preview:large, max-video-preview:-1\" \/>\n<link rel=\"canonical\" href=\"https:\/\/www.manquecura.cl\/ciudad-de-los-valles\/noticias\/feria-universitaria-en-colegio-manquecura-ciudad-de-los-valles\/\" \/>\n<meta property=\"og:locale\" content=\"es_ES\" \/>\n<meta property=\"og:type\" content=\"article\" \/>\n<meta property=\"og:title\" content=\"Feria Universitaria en Colegio Manquecura Ciudad de los Valles - Colegio Manquecura Ciudad de los Valles\" \/>\n<meta property=\"og:description\" content=\"El pasado martes 9 de julio, durante la ma\u00f1ana, nuestro colegio Manquecura Ciudad de los Valles tuvo el placer de realizar una Feria Universitaria dirigida a los estudiantes de I a IV medio. Este evento tuvo como objetivo principal brindar a nuestros alumnos una visi\u00f3n amplia y detallada sobre las diversas oportunidades acad\u00e9micas que tienen [&hellip;]\" \/>\n<meta property=\"og:url\" content=\"https:\/\/www.manquecura.cl\/ciudad-de-los-valles\/noticias\/feria-universitaria-en-colegio-manquecura-ciudad-de-los-valles\/\" \/>\n<meta property=\"og:site_name\" content=\"Colegio Manquecura Ciudad de los Valles\" \/>\n<meta property=\"article:publisher\" content=\"http:\/\/www.facebook.com\/ColegiosManquecura\" \/>\n<meta property=\"article:published_time\" content=\"2024-07-09T17:17:40+00:00\" \/>\n<meta property=\"og:image\" content=\"https:\/\/www.manquecura.cl\/ciudad-de-los-valles\/wp-content\/uploads\/sites\/42\/2024\/07\/WhatsApp-Image-2024-07-09-at-16.07.22-e1720718442840.jpeg\" \/>\n\t<meta property=\"og:image:width\" content=\"1240\" \/>\n\t<meta property=\"og:image:height\" content=\"752\" \/>\n\t<meta property=\"og:image:type\" content=\"image\/jpeg\" \/>\n<meta name=\"author\" content=\"jorgedelcampo\" \/>\n<meta name=\"twitter:card\" content=\"summary_large_image\" \/>\n<meta name=\"twitter:label1\" content=\"Escrito por\" \/>\n\t<meta name=\"twitter:data1\" content=\"jorgedelcampo\" \/>\n\t<meta name=\"twitter:label2\" content=\"Tiempo de lectura\" \/>\n\t<meta name=\"twitter:data2\" content=\"1 minuto\" \/>\n<script type=\"application\/ld+json\" class=\"yoast-schema-graph\">{\"@context\":\"https:\/\/schema.org\",\"@graph\":[{\"@type\":\"Article\",\"@id\":\"https:\/\/www.manquecura.cl\/ciudad-de-los-valles\/noticias\/feria-universitaria-en-colegio-manquecura-ciudad-de-los-valles\/#article\",\"isPartOf\":{\"@id\":\"https:\/\/www.manquecura.cl\/ciudad-de-los-valles\/noticias\/feria-universitaria-en-colegio-manquecura-ciudad-de-los-valles\/\"},\"author\":{\"name\":\"jorgedelcampo\",\"@id\":\"https:\/\/www.manquecura.cl\/ciudad-de-los-valles\/#\/schema\/person\/0debeea140e397b5d490ee7e553255d8\"},\"headline\":\"Feria Universitaria en Colegio Manquecura Ciudad de los Valles\",\"datePublished\":\"2024-07-09T17:17:40+00:00\",\"mainEntityOfPage\":{\"@id\":\"https:\/\/www.manquecura.cl\/ciudad-de-los-valles\/noticias\/feria-universitaria-en-colegio-manquecura-ciudad-de-los-valles\/\"},\"wordCount\":192,\"commentCount\":0,\"publisher\":{\"@id\":\"https:\/\/www.manquecura.cl\/ciudad-de-los-valles\/#organization\"},\"image\":{\"@id\":\"https:\/\/www.manquecura.cl\/ciudad-de-los-valles\/noticias\/feria-universitaria-en-colegio-manquecura-ciudad-de-los-valles\/#primaryimage\"},\"thumbnailUrl\":\"https:\/\/www.manquecura.cl\/ciudad-de-los-valles\/wp-content\/uploads\/sites\/42\/2024\/07\/WhatsApp-Image-2024-07-09-at-16.07.22-e1720718442840.jpeg\",\"articleSection\":[\"Vida Escolar\"],\"inLanguage\":\"es\",\"potentialAction\":[{\"@type\":\"CommentAction\",\"name\":\"Comment\",\"target\":[\"https:\/\/www.manquecura.cl\/ciudad-de-los-valles\/noticias\/feria-universitaria-en-colegio-manquecura-ciudad-de-los-valles\/#respond\"]}]},{\"@type\":\"WebPage\",\"@id\":\"https:\/\/www.manquecura.cl\/ciudad-de-los-valles\/noticias\/feria-universitaria-en-colegio-manquecura-ciudad-de-los-valles\/\",\"url\":\"https:\/\/www.manquecura.cl\/ciudad-de-los-valles\/noticias\/feria-universitaria-en-colegio-manquecura-ciudad-de-los-valles\/\",\"name\":\"Feria Universitaria en Colegio Manquecura Ciudad de los Valles - Colegio Manquecura Ciudad de los Valles\",\"isPartOf\":{\"@id\":\"https:\/\/www.manquecura.cl\/ciudad-de-los-valles\/#website\"},\"primaryImageOfPage\":{\"@id\":\"https:\/\/www.manquecura.cl\/ciudad-de-los-valles\/noticias\/feria-universitaria-en-colegio-manquecura-ciudad-de-los-valles\/#primaryimage\"},\"image\":{\"@id\":\"https:\/\/www.manquecura.cl\/ciudad-de-los-valles\/noticias\/feria-universitaria-en-colegio-manquecura-ciudad-de-los-valles\/#primaryimage\"},\"thumbnailUrl\":\"https:\/\/www.manquecura.cl\/ciudad-de-los-valles\/wp-content\/uploads\/sites\/42\/2024\/07\/WhatsApp-Image-2024-07-09-at-16.07.22-e1720718442840.jpeg\",\"datePublished\":\"2024-07-09T17:17:40+00:00\",\"breadcrumb\":{\"@id\":\"https:\/\/www.manquecura.cl\/ciudad-de-los-valles\/noticias\/feria-universitaria-en-colegio-manquecura-ciudad-de-los-valles\/#breadcrumb\"},\"inLanguage\":\"es\",\"potentialAction\":[{\"@type\":\"ReadAction\",\"target\":[\"https:\/\/www.manquecura.cl\/ciudad-de-los-valles\/noticias\/feria-universitaria-en-colegio-manquecura-ciudad-de-los-valles\/\"]}]},{\"@type\":\"ImageObject\",\"inLanguage\":\"es\",\"@id\":\"https:\/\/www.manquecura.cl\/ciudad-de-los-valles\/noticias\/feria-universitaria-en-colegio-manquecura-ciudad-de-los-valles\/#primaryimage\",\"url\":\"https:\/\/www.manquecura.cl\/ciudad-de-los-valles\/wp-content\/uploads\/sites\/42\/2024\/07\/WhatsApp-Image-2024-07-09-at-16.07.22-e1720718442840.jpeg\",\"contentUrl\":\"https:\/\/www.manquecura.cl\/ciudad-de-los-valles\/wp-content\/uploads\/sites\/42\/2024\/07\/WhatsApp-Image-2024-07-09-at-16.07.22-e1720718442840.jpeg\",\"width\":1240,\"height\":752},{\"@type\":\"BreadcrumbList\",\"@id\":\"https:\/\/www.manquecura.cl\/ciudad-de-los-valles\/noticias\/feria-universitaria-en-colegio-manquecura-ciudad-de-los-valles\/#breadcrumb\",\"itemListElement\":[{\"@type\":\"ListItem\",\"position\":1,\"name\":\"Home\",\"item\":\"https:\/\/www.manquecura.cl\/ciudad-de-los-valles\/\"},{\"@type\":\"ListItem\",\"position\":2,\"name\":\"Feria Universitaria en Colegio Manquecura Ciudad de los Valles\"}]},{\"@type\":\"WebSite\",\"@id\":\"https:\/\/www.manquecura.cl\/ciudad-de-los-valles\/#website\",\"url\":\"https:\/\/www.manquecura.cl\/ciudad-de-los-valles\/\",\"name\":\"Colegio Manquecura Ciudad de los Valles\",\"description\":\"Cognita Schools\",\"publisher\":{\"@id\":\"https:\/\/www.manquecura.cl\/ciudad-de-los-valles\/#organization\"},\"potentialAction\":[{\"@type\":\"SearchAction\",\"target\":{\"@type\":\"EntryPoint\",\"urlTemplate\":\"https:\/\/www.manquecura.cl\/ciudad-de-los-valles\/?s={search_term_string}\"},\"query-input\":{\"@type\":\"PropertyValueSpecification\",\"valueRequired\":true,\"valueName\":\"search_term_string\"}}],\"inLanguage\":\"es\"},{\"@type\":\"Organization\",\"@id\":\"https:\/\/www.manquecura.cl\/ciudad-de-los-valles\/#organization\",\"name\":\"Colegio Manquecura Ciudad de los Valles\",\"url\":\"https:\/\/www.manquecura.cl\/ciudad-de-los-valles\/\",\"logo\":{\"@type\":\"ImageObject\",\"inLanguage\":\"es\",\"@id\":\"https:\/\/www.manquecura.cl\/ciudad-de-los-valles\/#\/schema\/logo\/image\/\",\"url\":\"https:\/\/www.manquecura.cl\/ciudad-de-los-valles\/wp-content\/uploads\/sites\/42\/2025\/02\/logo_Manquecura_Ciudad-de-Los-Valles_horizontal_color.jpg\",\"contentUrl\":\"https:\/\/www.manquecura.cl\/ciudad-de-los-valles\/wp-content\/uploads\/sites\/42\/2025\/02\/logo_Manquecura_Ciudad-de-Los-Valles_horizontal_color.jpg\",\"width\":599,\"height\":179,\"caption\":\"Colegio Manquecura Ciudad de los Valles\"},\"image\":{\"@id\":\"https:\/\/www.manquecura.cl\/ciudad-de-los-valles\/#\/schema\/logo\/image\/\"},\"sameAs\":[\"http:\/\/www.facebook.com\/ColegiosManquecura\",\"https:\/\/www.manquecura.cl\/ciudad-de-los-valles\/\",\"http:\/\/www.youtube.com\/c\/CognitaChile\"]},{\"@type\":\"Person\",\"@id\":\"https:\/\/www.manquecura.cl\/ciudad-de-los-valles\/#\/schema\/person\/0debeea140e397b5d490ee7e553255d8\",\"name\":\"jorgedelcampo\",\"image\":{\"@type\":\"ImageObject\",\"inLanguage\":\"es\",\"@id\":\"https:\/\/www.manquecura.cl\/ciudad-de-los-valles\/#\/schema\/person\/image\/\",\"url\":\"https:\/\/secure.gravatar.com\/avatar\/4a315f521213b2dc91dbda9bf799f711c8a98ab6f5606ec42cf5b33d1e762e8a?s=96&d=mm&r=g\",\"contentUrl\":\"https:\/\/secure.gravatar.com\/avatar\/4a315f521213b2dc91dbda9bf799f711c8a98ab6f5606ec42cf5b33d1e762e8a?s=96&d=mm&r=g\",\"caption\":\"jorgedelcampo\"}}]}<\/script>\n<!-- \/ Yoast SEO plugin. -->","yoast_head_json":{"title":"Feria Universitaria en Colegio Manquecura Ciudad de los Valles - Colegio Manquecura Ciudad de los Valles","robots":{"index":"index","follow":"follow","max-snippet":"max-snippet:-1","max-image-preview":"max-image-preview:large","max-video-preview":"max-video-preview:-1"},"canonical":"https:\/\/www.manquecura.cl\/ciudad-de-los-valles\/noticias\/feria-universitaria-en-colegio-manquecura-ciudad-de-los-valles\/","og_locale":"es_ES","og_type":"article","og_title":"Feria Universitaria en Colegio Manquecura Ciudad de los Valles - Colegio Manquecura Ciudad de los Valles","og_description":"El pasado martes 9 de julio, durante la ma\u00f1ana, nuestro colegio Manquecura Ciudad de los Valles tuvo el placer de realizar una Feria Universitaria dirigida a los estudiantes de I a IV medio. Este evento tuvo como objetivo principal brindar a nuestros alumnos una visi\u00f3n amplia y detallada sobre las diversas oportunidades acad\u00e9micas que tienen [&hellip;]","og_url":"https:\/\/www.manquecura.cl\/ciudad-de-los-valles\/noticias\/feria-universitaria-en-colegio-manquecura-ciudad-de-los-valles\/","og_site_name":"Colegio Manquecura Ciudad de los Valles","article_publisher":"http:\/\/www.facebook.com\/ColegiosManquecura","article_published_time":"2024-07-09T17:17:40+00:00","og_image":[{"width":1240,"height":752,"url":"https:\/\/www.manquecura.cl\/ciudad-de-los-valles\/wp-content\/uploads\/sites\/42\/2024\/07\/WhatsApp-Image-2024-07-09-at-16.07.22-e1720718442840.jpeg","type":"image\/jpeg"}],"author":"jorgedelcampo","twitter_card":"summary_large_image","twitter_misc":{"Escrito por":"jorgedelcampo","Tiempo de lectura":"1 minuto"},"schema":{"@context":"https:\/\/schema.org","@graph":[{"@type":"Article","@id":"https:\/\/www.manquecura.cl\/ciudad-de-los-valles\/noticias\/feria-universitaria-en-colegio-manquecura-ciudad-de-los-valles\/#article","isPartOf":{"@id":"https:\/\/www.manquecura.cl\/ciudad-de-los-valles\/noticias\/feria-universitaria-en-colegio-manquecura-ciudad-de-los-valles\/"},"author":{"name":"jorgedelcampo","@id":"https:\/\/www.manquecura.cl\/ciudad-de-los-valles\/#\/schema\/person\/0debeea140e397b5d490ee7e553255d8"},"headline":"Feria Universitaria en Colegio Manquecura Ciudad de los Valles","datePublished":"2024-07-09T17:17:40+00:00","mainEntityOfPage":{"@id":"https:\/\/www.manquecura.cl\/ciudad-de-los-valles\/noticias\/feria-universitaria-en-colegio-manquecura-ciudad-de-los-valles\/"},"wordCount":192,"commentCount":0,"publisher":{"@id":"https:\/\/www.manquecura.cl\/ciudad-de-los-valles\/#organization"},"image":{"@id":"https:\/\/www.manquecura.cl\/ciudad-de-los-valles\/noticias\/feria-universitaria-en-colegio-manquecura-ciudad-de-los-valles\/#primaryimage"},"thumbnailUrl":"https:\/\/www.manquecura.cl\/ciudad-de-los-valles\/wp-content\/uploads\/sites\/42\/2024\/07\/WhatsApp-Image-2024-07-09-at-16.07.22-e1720718442840.jpeg","articleSection":["Vida Escolar"],"inLanguage":"es","potentialAction":[{"@type":"CommentAction","name":"Comment","target":["https:\/\/www.manquecura.cl\/ciudad-de-los-valles\/noticias\/feria-universitaria-en-colegio-manquecura-ciudad-de-los-valles\/#respond"]}]},{"@type":"WebPage","@id":"https:\/\/www.manquecura.cl\/ciudad-de-los-valles\/noticias\/feria-universitaria-en-colegio-manquecura-ciudad-de-los-valles\/","url":"https:\/\/www.manquecura.cl\/ciudad-de-los-valles\/noticias\/feria-universitaria-en-colegio-manquecura-ciudad-de-los-valles\/","name":"Feria Universitaria en Colegio Manquecura Ciudad de los Valles - Colegio Manquecura Ciudad de los Valles","isPartOf":{"@id":"https:\/\/www.manquecura.cl\/ciudad-de-los-valles\/#website"},"primaryImageOfPage":{"@id":"https:\/\/www.manquecura.cl\/ciudad-de-los-valles\/noticias\/feria-universitaria-en-colegio-manquecura-ciudad-de-los-valles\/#primaryimage"},"image":{"@id":"https:\/\/www.manquecura.cl\/ciudad-de-los-valles\/noticias\/feria-universitaria-en-colegio-manquecura-ciudad-de-los-valles\/#primaryimage"},"thumbnailUrl":"https:\/\/www.manquecura.cl\/ciudad-de-los-valles\/wp-content\/uploads\/sites\/42\/2024\/07\/WhatsApp-Image-2024-07-09-at-16.07.22-e1720718442840.jpeg","datePublished":"2024-07-09T17:17:40+00:00","breadcrumb":{"@id":"https:\/\/www.manquecura.cl\/ciudad-de-los-valles\/noticias\/feria-universitaria-en-colegio-manquecura-ciudad-de-los-valles\/#breadcrumb"},"inLanguage":"es","potentialAction":[{"@type":"ReadAction","target":["https:\/\/www.manquecura.cl\/ciudad-de-los-valles\/noticias\/feria-universitaria-en-colegio-manquecura-ciudad-de-los-valles\/"]}]},{"@type":"ImageObject","inLanguage":"es","@id":"https:\/\/www.manquecura.cl\/ciudad-de-los-valles\/noticias\/feria-universitaria-en-colegio-manquecura-ciudad-de-los-valles\/#primaryimage","url":"https:\/\/www.manquecura.cl\/ciudad-de-los-valles\/wp-content\/uploads\/sites\/42\/2024\/07\/WhatsApp-Image-2024-07-09-at-16.07.22-e1720718442840.jpeg","contentUrl":"https:\/\/www.manquecura.cl\/ciudad-de-los-valles\/wp-content\/uploads\/sites\/42\/2024\/07\/WhatsApp-Image-2024-07-09-at-16.07.22-e1720718442840.jpeg","width":1240,"height":752},{"@type":"BreadcrumbList","@id":"https:\/\/www.manquecura.cl\/ciudad-de-los-valles\/noticias\/feria-universitaria-en-colegio-manquecura-ciudad-de-los-valles\/#breadcrumb","itemListElement":[{"@type":"ListItem","position":1,"name":"Home","item":"https:\/\/www.manquecura.cl\/ciudad-de-los-valles\/"},{"@type":"ListItem","position":2,"name":"Feria Universitaria en Colegio Manquecura Ciudad de los Valles"}]},{"@type":"WebSite","@id":"https:\/\/www.manquecura.cl\/ciudad-de-los-valles\/#website","url":"https:\/\/www.manquecura.cl\/ciudad-de-los-valles\/","name":"Colegio Manquecura Ciudad de los Valles","description":"Cognita Schools","publisher":{"@id":"https:\/\/www.manquecura.cl\/ciudad-de-los-valles\/#organization"},"potentialAction":[{"@type":"SearchAction","target":{"@type":"EntryPoint","urlTemplate":"https:\/\/www.manquecura.cl\/ciudad-de-los-valles\/?s={search_term_string}"},"query-input":{"@type":"PropertyValueSpecification","valueRequired":true,"valueName":"search_term_string"}}],"inLanguage":"es"},{"@type":"Organization","@id":"https:\/\/www.manquecura.cl\/ciudad-de-los-valles\/#organization","name":"Colegio Manquecura Ciudad de los Valles","url":"https:\/\/www.manquecura.cl\/ciudad-de-los-valles\/","logo":{"@type":"ImageObject","inLanguage":"es","@id":"https:\/\/www.manquecura.cl\/ciudad-de-los-valles\/#\/schema\/logo\/image\/","url":"https:\/\/www.manquecura.cl\/ciudad-de-los-valles\/wp-content\/uploads\/sites\/42\/2025\/02\/logo_Manquecura_Ciudad-de-Los-Valles_horizontal_color.jpg","contentUrl":"https:\/\/www.manquecura.cl\/ciudad-de-los-valles\/wp-content\/uploads\/sites\/42\/2025\/02\/logo_Manquecura_Ciudad-de-Los-Valles_horizontal_color.jpg","width":599,"height":179,"caption":"Colegio Manquecura Ciudad de los Valles"},"image":{"@id":"https:\/\/www.manquecura.cl\/ciudad-de-los-valles\/#\/schema\/logo\/image\/"},"sameAs":["http:\/\/www.facebook.com\/ColegiosManquecura","https:\/\/www.manquecura.cl\/ciudad-de-los-valles\/","http:\/\/www.youtube.com\/c\/CognitaChile"]},{"@type":"Person","@id":"https:\/\/www.manquecura.cl\/ciudad-de-los-valles\/#\/schema\/person\/0debeea140e397b5d490ee7e553255d8","name":"jorgedelcampo","image":{"@type":"ImageObject","inLanguage":"es","@id":"https:\/\/www.manquecura.cl\/ciudad-de-los-valles\/#\/schema\/person\/image\/","url":"https:\/\/secure.gravatar.com\/avatar\/4a315f521213b2dc91dbda9bf799f711c8a98ab6f5606ec42cf5b33d1e762e8a?s=96&d=mm&r=g","contentUrl":"https:\/\/secure.gravatar.com\/avatar\/4a315f521213b2dc91dbda9bf799f711c8a98ab6f5606ec42cf5b33d1e762e8a?s=96&d=mm&r=g","caption":"jorgedelcampo"}}]}},"jetpack_featured_media_url":"https:\/\/www.manquecura.cl\/ciudad-de-los-valles\/wp-content\/uploads\/sites\/42\/2024\/07\/WhatsApp-Image-2024-07-09-at-16.07.22-e1720718442840.jpeg","previous_post_ID":16740,"previous_post_title":"Calendario Jeans Day 2\u00ba Semestre","previous_post_excerpt":"En el siguiente enlace, puedes encontrar el calendario de Jeans Day programado para el segundo semestre. Click Aqu\u00ed Calendario JD 2\u00ba Sem \ud83d\udc48\ud83c\udffc &nbsp; FECHA Encargados 26 de julio Jeans Day CAMPUR apoderados 30 de agosto Jeans Day CAMPUR General Alumnos 6 de septiembre Jeans Day CAMPUR III Medio 4 de Octubre Jeans Day Solidario [&hellip;]","previous_post_link":"https:\/\/www.manquecura.cl\/ciudad-de-los-valles\/noticias\/calendario-jeans-day-2o-semestre\/","previous_post_class":["post-16740","post","type-post","status-publish","format-standard","has-post-thumbnail","hentry","category-vida-escolar"],"next_post_ID":16780,"next_post_title":"Charla de Prevenci\u00f3n para familias","next_post_excerpt":"En el marco de nuestra campa\u00f1a anual #Hablemos,\u00a0el equipo de Salvaguarda de nuestro Colegio Manquecura Ciudad de Los Valles, ha organizado una\u00a0Charla de &#8220;Prevenci\u00f3n del Consumo de Drogas y Alcohol&#8221; para las familias de I y II Medio, la cual se realizar\u00e1 el mi\u00e9rcoles 7 de agosto en\u00a0 Nuestro Colegio. El objetivo de esta charla [&hellip;]","next_post_link":"https:\/\/www.manquecura.cl\/ciudad-de-los-valles\/noticias\/charla-de-prevencion-para-familias\/","next_post_class":["post-16780","post","type-post","status-publish","format-standard","has-post-thumbnail","hentry","category-vida-escolar"],"jetpack_sharing_enabled":true,"_links":{"self":[{"href":"https:\/\/www.manquecura.cl\/ciudad-de-los-valles\/wp-json\/wp\/v2\/posts\/16772","targetHints":{"allow":["GET"]}}],"collection":[{"href":"https:\/\/www.manquecura.cl\/ciudad-de-los-valles\/wp-json\/wp\/v2\/posts"}],"about":[{"href":"https:\/\/www.manquecura.cl\/ciudad-de-los-valles\/wp-json\/wp\/v2\/types\/post"}],"author":[{"embeddable":true,"href":"https:\/\/www.manquecura.cl\/ciudad-de-los-valles\/wp-json\/wp\/v2\/users\/14"}],"replies":[{"embeddable":true,"href":"https:\/\/www.manquecura.cl\/ciudad-de-los-valles\/wp-json\/wp\/v2\/comments?post=16772"}],"version-history":[{"count":0,"href":"https:\/\/www.manquecura.cl\/ciudad-de-los-valles\/wp-json\/wp\/v2\/posts\/16772\/revisions"}],"wp:featuredmedia":[{"embeddable":true,"href":"https:\/\/www.manquecura.cl\/ciudad-de-los-valles\/wp-json\/wp\/v2\/media\/16773"}],"wp:attachment":[{"href":"https:\/\/www.manquecura.cl\/ciudad-de-los-valles\/wp-json\/wp\/v2\/media?parent=16772"}],"wp:term":[{"taxonomy":"category","embeddable":true,"href":"https:\/\/www.manquecura.cl\/ciudad-de-los-valles\/wp-json\/wp\/v2\/categories?post=16772"},{"taxonomy":"post_tag","embeddable":true,"href":"https:\/\/www.manquecura.cl\/ciudad-de-los-valles\/wp-json\/wp\/v2\/tags?post=16772"}],"curies":[{"name":"wp","href":"https:\/\/api.w.org\/{rel}","templated":true}]}}