{"id":16477,"date":"2024-05-13T14:02:25","date_gmt":"2024-05-13T18:02:25","guid":{"rendered":"https:\/\/www.manquecura.cl\/ciudad-de-los-valles\/?p=16477"},"modified":"2024-05-13T14:02:25","modified_gmt":"2024-05-13T18:02:25","slug":"celebracion-dia-del-estudiante-2024","status":"publish","type":"post","link":"https:\/\/www.manquecura.cl\/ciudad-de-los-valles\/noticias\/celebracion-dia-del-estudiante-2024\/","title":{"rendered":"Celebraci\u00f3n D\u00eda del Estudiante 2024"},"content":{"rendered":"<p>El pasado 10 de mayo, el colegio se llen\u00f3 de alegr\u00eda y entusiasmo para celebrar el D\u00eda del Estudiante, una jornada dedicada a honrar y reconocer la vitalidad y dedicaci\u00f3n de los alumnos en su proceso educativo.<\/p>\n<p>Desde tempranas horas de la ma\u00f1ana, los estudiantes se reunieron para participar en una serie de actividades dise\u00f1adas especialmente para ellos. El d\u00eda comenz\u00f3 con una emocionante sesi\u00f3n deportiva, juegos inflables y actividades al aire libre, promoviendo la actividad f\u00edsica y el trabajo en equipo.<\/p>\n<p>Despu\u00e9s de la actividad deportiva, lleg\u00f3 el momento de compartir desayunos y convivencias con compa\u00f1eros y profesores. Esta parte de la celebraci\u00f3n fue una oportunidad invaluable para fortalecer los lazos de amistad y camarader\u00eda entre los miembros de la comunidad escolar.<\/p>\n<p>La celebraci\u00f3n del D\u00eda del Estudiante no solo fue un momento de diversi\u00f3n y entretenimiento, sino tambi\u00e9n una ocasi\u00f3n para reconocer el esfuerzo y la dedicaci\u00f3n de los alumnos en su proceso de aprendizaje. La comunidad escolar se uni\u00f3 en un d\u00eda lleno de alegr\u00eda y camarader\u00eda, fortaleciendo a\u00fan m\u00e1s los v\u00ednculos que hacen del colegio un lugar especial.<\/p>\n<p>Con esta exitosa celebraci\u00f3n, el colegio reafirm\u00f3 su compromiso con el bienestar y la felicidad de sus estudiantes, brind\u00e1ndoles experiencias memorables que contribuyen a su desarrollo integral.<\/p>\n"},"excerpt":{"rendered":"<p>El pasado 10 de mayo, el colegio se llen\u00f3 de alegr\u00eda y entusiasmo para celebrar el D\u00eda del Estudiante, una jornada dedicada a honrar y reconocer la vitalidad y dedicaci\u00f3n de los alumnos en su proceso educativo. Desde tempranas horas de la ma\u00f1ana, los estudiantes se reunieron para participar en una serie de actividades dise\u00f1adas [&hellip;]<\/p>\n","protected":false},"author":14,"featured_media":16478,"comment_status":"open","ping_status":"open","sticky":false,"template":"","format":"standard","meta":{"_acf_changed":false,"content-type":"","_jetpack_memberships_contains_paid_content":false,"footnotes":""},"categories":[1],"tags":[],"class_list":["post-16477","post","type-post","status-publish","format-standard","has-post-thumbnail","hentry","category-vida-escolar"],"acf":[],"yoast_head":"<!-- This site is optimized with the Yoast SEO plugin v27.1.1 - https:\/\/yoast.com\/product\/yoast-seo-wordpress\/ -->\n<title>Celebraci\u00f3n D\u00eda del Estudiante 2024 - Colegio Manquecura Ciudad de los Valles<\/title>\n<meta name=\"robots\" content=\"index, follow, max-snippet:-1, max-image-preview:large, max-video-preview:-1\" \/>\n<link rel=\"canonical\" href=\"https:\/\/www.manquecura.cl\/ciudad-de-los-valles\/noticias\/celebracion-dia-del-estudiante-2024\/\" \/>\n<meta property=\"og:locale\" content=\"es_ES\" \/>\n<meta property=\"og:type\" content=\"article\" \/>\n<meta property=\"og:title\" content=\"Celebraci\u00f3n D\u00eda del Estudiante 2024 - Colegio Manquecura Ciudad de los Valles\" \/>\n<meta property=\"og:description\" content=\"El pasado 10 de mayo, el colegio se llen\u00f3 de alegr\u00eda y entusiasmo para celebrar el D\u00eda del Estudiante, una jornada dedicada a honrar y reconocer la vitalidad y dedicaci\u00f3n de los alumnos en su proceso educativo. Desde tempranas horas de la ma\u00f1ana, los estudiantes se reunieron para participar en una serie de actividades dise\u00f1adas [&hellip;]\" \/>\n<meta property=\"og:url\" content=\"https:\/\/www.manquecura.cl\/ciudad-de-los-valles\/noticias\/celebracion-dia-del-estudiante-2024\/\" \/>\n<meta property=\"og:site_name\" content=\"Colegio Manquecura Ciudad de los Valles\" \/>\n<meta property=\"article:publisher\" content=\"http:\/\/www.facebook.com\/ColegiosManquecura\" \/>\n<meta property=\"article:published_time\" content=\"2024-05-13T18:02:25+00:00\" \/>\n<meta property=\"og:image\" content=\"https:\/\/www.manquecura.cl\/ciudad-de-los-valles\/wp-content\/uploads\/sites\/42\/2024\/05\/Historia-de-Instagram-del-Dia-del-Maestro-Felicitacion-Creativa-Infantil-Multicolor-836-x-523-px.png\" \/>\n\t<meta property=\"og:image:width\" content=\"836\" \/>\n\t<meta property=\"og:image:height\" content=\"523\" \/>\n\t<meta property=\"og:image:type\" content=\"image\/png\" \/>\n<meta name=\"author\" content=\"jorgedelcampo\" \/>\n<meta name=\"twitter:card\" content=\"summary_large_image\" \/>\n<meta name=\"twitter:label1\" content=\"Escrito por\" \/>\n\t<meta name=\"twitter:data1\" content=\"jorgedelcampo\" \/>\n\t<meta name=\"twitter:label2\" content=\"Tiempo de lectura\" \/>\n\t<meta name=\"twitter:data2\" content=\"2 minutos\" \/>\n<script type=\"application\/ld+json\" class=\"yoast-schema-graph\">{\"@context\":\"https:\/\/schema.org\",\"@graph\":[{\"@type\":\"Article\",\"@id\":\"https:\/\/www.manquecura.cl\/ciudad-de-los-valles\/noticias\/celebracion-dia-del-estudiante-2024\/#article\",\"isPartOf\":{\"@id\":\"https:\/\/www.manquecura.cl\/ciudad-de-los-valles\/noticias\/celebracion-dia-del-estudiante-2024\/\"},\"author\":{\"name\":\"jorgedelcampo\",\"@id\":\"https:\/\/www.manquecura.cl\/ciudad-de-los-valles\/#\/schema\/person\/0debeea140e397b5d490ee7e553255d8\"},\"headline\":\"Celebraci\u00f3n D\u00eda del Estudiante 2024\",\"datePublished\":\"2024-05-13T18:02:25+00:00\",\"mainEntityOfPage\":{\"@id\":\"https:\/\/www.manquecura.cl\/ciudad-de-los-valles\/noticias\/celebracion-dia-del-estudiante-2024\/\"},\"wordCount\":240,\"commentCount\":0,\"publisher\":{\"@id\":\"https:\/\/www.manquecura.cl\/ciudad-de-los-valles\/#organization\"},\"image\":{\"@id\":\"https:\/\/www.manquecura.cl\/ciudad-de-los-valles\/noticias\/celebracion-dia-del-estudiante-2024\/#primaryimage\"},\"thumbnailUrl\":\"https:\/\/www.manquecura.cl\/ciudad-de-los-valles\/wp-content\/uploads\/sites\/42\/2024\/05\/Historia-de-Instagram-del-Dia-del-Maestro-Felicitacion-Creativa-Infantil-Multicolor-836-x-523-px.png\",\"articleSection\":[\"Vida Escolar\"],\"inLanguage\":\"es\",\"potentialAction\":[{\"@type\":\"CommentAction\",\"name\":\"Comment\",\"target\":[\"https:\/\/www.manquecura.cl\/ciudad-de-los-valles\/noticias\/celebracion-dia-del-estudiante-2024\/#respond\"]}]},{\"@type\":\"WebPage\",\"@id\":\"https:\/\/www.manquecura.cl\/ciudad-de-los-valles\/noticias\/celebracion-dia-del-estudiante-2024\/\",\"url\":\"https:\/\/www.manquecura.cl\/ciudad-de-los-valles\/noticias\/celebracion-dia-del-estudiante-2024\/\",\"name\":\"Celebraci\u00f3n D\u00eda del Estudiante 2024 - Colegio Manquecura Ciudad de los Valles\",\"isPartOf\":{\"@id\":\"https:\/\/www.manquecura.cl\/ciudad-de-los-valles\/#website\"},\"primaryImageOfPage\":{\"@id\":\"https:\/\/www.manquecura.cl\/ciudad-de-los-valles\/noticias\/celebracion-dia-del-estudiante-2024\/#primaryimage\"},\"image\":{\"@id\":\"https:\/\/www.manquecura.cl\/ciudad-de-los-valles\/noticias\/celebracion-dia-del-estudiante-2024\/#primaryimage\"},\"thumbnailUrl\":\"https:\/\/www.manquecura.cl\/ciudad-de-los-valles\/wp-content\/uploads\/sites\/42\/2024\/05\/Historia-de-Instagram-del-Dia-del-Maestro-Felicitacion-Creativa-Infantil-Multicolor-836-x-523-px.png\",\"datePublished\":\"2024-05-13T18:02:25+00:00\",\"breadcrumb\":{\"@id\":\"https:\/\/www.manquecura.cl\/ciudad-de-los-valles\/noticias\/celebracion-dia-del-estudiante-2024\/#breadcrumb\"},\"inLanguage\":\"es\",\"potentialAction\":[{\"@type\":\"ReadAction\",\"target\":[\"https:\/\/www.manquecura.cl\/ciudad-de-los-valles\/noticias\/celebracion-dia-del-estudiante-2024\/\"]}]},{\"@type\":\"ImageObject\",\"inLanguage\":\"es\",\"@id\":\"https:\/\/www.manquecura.cl\/ciudad-de-los-valles\/noticias\/celebracion-dia-del-estudiante-2024\/#primaryimage\",\"url\":\"https:\/\/www.manquecura.cl\/ciudad-de-los-valles\/wp-content\/uploads\/sites\/42\/2024\/05\/Historia-de-Instagram-del-Dia-del-Maestro-Felicitacion-Creativa-Infantil-Multicolor-836-x-523-px.png\",\"contentUrl\":\"https:\/\/www.manquecura.cl\/ciudad-de-los-valles\/wp-content\/uploads\/sites\/42\/2024\/05\/Historia-de-Instagram-del-Dia-del-Maestro-Felicitacion-Creativa-Infantil-Multicolor-836-x-523-px.png\",\"width\":836,\"height\":523},{\"@type\":\"BreadcrumbList\",\"@id\":\"https:\/\/www.manquecura.cl\/ciudad-de-los-valles\/noticias\/celebracion-dia-del-estudiante-2024\/#breadcrumb\",\"itemListElement\":[{\"@type\":\"ListItem\",\"position\":1,\"name\":\"Home\",\"item\":\"https:\/\/www.manquecura.cl\/ciudad-de-los-valles\/\"},{\"@type\":\"ListItem\",\"position\":2,\"name\":\"Celebraci\u00f3n D\u00eda del Estudiante 2024\"}]},{\"@type\":\"WebSite\",\"@id\":\"https:\/\/www.manquecura.cl\/ciudad-de-los-valles\/#website\",\"url\":\"https:\/\/www.manquecura.cl\/ciudad-de-los-valles\/\",\"name\":\"Colegio Manquecura Ciudad de los Valles\",\"description\":\"Cognita Schools\",\"publisher\":{\"@id\":\"https:\/\/www.manquecura.cl\/ciudad-de-los-valles\/#organization\"},\"potentialAction\":[{\"@type\":\"SearchAction\",\"target\":{\"@type\":\"EntryPoint\",\"urlTemplate\":\"https:\/\/www.manquecura.cl\/ciudad-de-los-valles\/?s={search_term_string}\"},\"query-input\":{\"@type\":\"PropertyValueSpecification\",\"valueRequired\":true,\"valueName\":\"search_term_string\"}}],\"inLanguage\":\"es\"},{\"@type\":\"Organization\",\"@id\":\"https:\/\/www.manquecura.cl\/ciudad-de-los-valles\/#organization\",\"name\":\"Colegio Manquecura Ciudad de los Valles\",\"url\":\"https:\/\/www.manquecura.cl\/ciudad-de-los-valles\/\",\"logo\":{\"@type\":\"ImageObject\",\"inLanguage\":\"es\",\"@id\":\"https:\/\/www.manquecura.cl\/ciudad-de-los-valles\/#\/schema\/logo\/image\/\",\"url\":\"https:\/\/www.manquecura.cl\/ciudad-de-los-valles\/wp-content\/uploads\/sites\/42\/2025\/02\/logo_Manquecura_Ciudad-de-Los-Valles_horizontal_color.jpg\",\"contentUrl\":\"https:\/\/www.manquecura.cl\/ciudad-de-los-valles\/wp-content\/uploads\/sites\/42\/2025\/02\/logo_Manquecura_Ciudad-de-Los-Valles_horizontal_color.jpg\",\"width\":599,\"height\":179,\"caption\":\"Colegio Manquecura Ciudad de los Valles\"},\"image\":{\"@id\":\"https:\/\/www.manquecura.cl\/ciudad-de-los-valles\/#\/schema\/logo\/image\/\"},\"sameAs\":[\"http:\/\/www.facebook.com\/ColegiosManquecura\",\"https:\/\/www.manquecura.cl\/ciudad-de-los-valles\/\",\"http:\/\/www.youtube.com\/c\/CognitaChile\"]},{\"@type\":\"Person\",\"@id\":\"https:\/\/www.manquecura.cl\/ciudad-de-los-valles\/#\/schema\/person\/0debeea140e397b5d490ee7e553255d8\",\"name\":\"jorgedelcampo\",\"image\":{\"@type\":\"ImageObject\",\"inLanguage\":\"es\",\"@id\":\"https:\/\/www.manquecura.cl\/ciudad-de-los-valles\/#\/schema\/person\/image\/\",\"url\":\"https:\/\/secure.gravatar.com\/avatar\/4a315f521213b2dc91dbda9bf799f711c8a98ab6f5606ec42cf5b33d1e762e8a?s=96&d=mm&r=g\",\"contentUrl\":\"https:\/\/secure.gravatar.com\/avatar\/4a315f521213b2dc91dbda9bf799f711c8a98ab6f5606ec42cf5b33d1e762e8a?s=96&d=mm&r=g\",\"caption\":\"jorgedelcampo\"}}]}<\/script>\n<!-- \/ Yoast SEO plugin. -->","yoast_head_json":{"title":"Celebraci\u00f3n D\u00eda del Estudiante 2024 - Colegio Manquecura Ciudad de los Valles","robots":{"index":"index","follow":"follow","max-snippet":"max-snippet:-1","max-image-preview":"max-image-preview:large","max-video-preview":"max-video-preview:-1"},"canonical":"https:\/\/www.manquecura.cl\/ciudad-de-los-valles\/noticias\/celebracion-dia-del-estudiante-2024\/","og_locale":"es_ES","og_type":"article","og_title":"Celebraci\u00f3n D\u00eda del Estudiante 2024 - Colegio Manquecura Ciudad de los Valles","og_description":"El pasado 10 de mayo, el colegio se llen\u00f3 de alegr\u00eda y entusiasmo para celebrar el D\u00eda del Estudiante, una jornada dedicada a honrar y reconocer la vitalidad y dedicaci\u00f3n de los alumnos en su proceso educativo. Desde tempranas horas de la ma\u00f1ana, los estudiantes se reunieron para participar en una serie de actividades dise\u00f1adas [&hellip;]","og_url":"https:\/\/www.manquecura.cl\/ciudad-de-los-valles\/noticias\/celebracion-dia-del-estudiante-2024\/","og_site_name":"Colegio Manquecura Ciudad de los Valles","article_publisher":"http:\/\/www.facebook.com\/ColegiosManquecura","article_published_time":"2024-05-13T18:02:25+00:00","og_image":[{"width":836,"height":523,"url":"https:\/\/www.manquecura.cl\/ciudad-de-los-valles\/wp-content\/uploads\/sites\/42\/2024\/05\/Historia-de-Instagram-del-Dia-del-Maestro-Felicitacion-Creativa-Infantil-Multicolor-836-x-523-px.png","type":"image\/png"}],"author":"jorgedelcampo","twitter_card":"summary_large_image","twitter_misc":{"Escrito por":"jorgedelcampo","Tiempo de lectura":"2 minutos"},"schema":{"@context":"https:\/\/schema.org","@graph":[{"@type":"Article","@id":"https:\/\/www.manquecura.cl\/ciudad-de-los-valles\/noticias\/celebracion-dia-del-estudiante-2024\/#article","isPartOf":{"@id":"https:\/\/www.manquecura.cl\/ciudad-de-los-valles\/noticias\/celebracion-dia-del-estudiante-2024\/"},"author":{"name":"jorgedelcampo","@id":"https:\/\/www.manquecura.cl\/ciudad-de-los-valles\/#\/schema\/person\/0debeea140e397b5d490ee7e553255d8"},"headline":"Celebraci\u00f3n D\u00eda del Estudiante 2024","datePublished":"2024-05-13T18:02:25+00:00","mainEntityOfPage":{"@id":"https:\/\/www.manquecura.cl\/ciudad-de-los-valles\/noticias\/celebracion-dia-del-estudiante-2024\/"},"wordCount":240,"commentCount":0,"publisher":{"@id":"https:\/\/www.manquecura.cl\/ciudad-de-los-valles\/#organization"},"image":{"@id":"https:\/\/www.manquecura.cl\/ciudad-de-los-valles\/noticias\/celebracion-dia-del-estudiante-2024\/#primaryimage"},"thumbnailUrl":"https:\/\/www.manquecura.cl\/ciudad-de-los-valles\/wp-content\/uploads\/sites\/42\/2024\/05\/Historia-de-Instagram-del-Dia-del-Maestro-Felicitacion-Creativa-Infantil-Multicolor-836-x-523-px.png","articleSection":["Vida Escolar"],"inLanguage":"es","potentialAction":[{"@type":"CommentAction","name":"Comment","target":["https:\/\/www.manquecura.cl\/ciudad-de-los-valles\/noticias\/celebracion-dia-del-estudiante-2024\/#respond"]}]},{"@type":"WebPage","@id":"https:\/\/www.manquecura.cl\/ciudad-de-los-valles\/noticias\/celebracion-dia-del-estudiante-2024\/","url":"https:\/\/www.manquecura.cl\/ciudad-de-los-valles\/noticias\/celebracion-dia-del-estudiante-2024\/","name":"Celebraci\u00f3n D\u00eda del Estudiante 2024 - Colegio Manquecura Ciudad de los Valles","isPartOf":{"@id":"https:\/\/www.manquecura.cl\/ciudad-de-los-valles\/#website"},"primaryImageOfPage":{"@id":"https:\/\/www.manquecura.cl\/ciudad-de-los-valles\/noticias\/celebracion-dia-del-estudiante-2024\/#primaryimage"},"image":{"@id":"https:\/\/www.manquecura.cl\/ciudad-de-los-valles\/noticias\/celebracion-dia-del-estudiante-2024\/#primaryimage"},"thumbnailUrl":"https:\/\/www.manquecura.cl\/ciudad-de-los-valles\/wp-content\/uploads\/sites\/42\/2024\/05\/Historia-de-Instagram-del-Dia-del-Maestro-Felicitacion-Creativa-Infantil-Multicolor-836-x-523-px.png","datePublished":"2024-05-13T18:02:25+00:00","breadcrumb":{"@id":"https:\/\/www.manquecura.cl\/ciudad-de-los-valles\/noticias\/celebracion-dia-del-estudiante-2024\/#breadcrumb"},"inLanguage":"es","potentialAction":[{"@type":"ReadAction","target":["https:\/\/www.manquecura.cl\/ciudad-de-los-valles\/noticias\/celebracion-dia-del-estudiante-2024\/"]}]},{"@type":"ImageObject","inLanguage":"es","@id":"https:\/\/www.manquecura.cl\/ciudad-de-los-valles\/noticias\/celebracion-dia-del-estudiante-2024\/#primaryimage","url":"https:\/\/www.manquecura.cl\/ciudad-de-los-valles\/wp-content\/uploads\/sites\/42\/2024\/05\/Historia-de-Instagram-del-Dia-del-Maestro-Felicitacion-Creativa-Infantil-Multicolor-836-x-523-px.png","contentUrl":"https:\/\/www.manquecura.cl\/ciudad-de-los-valles\/wp-content\/uploads\/sites\/42\/2024\/05\/Historia-de-Instagram-del-Dia-del-Maestro-Felicitacion-Creativa-Infantil-Multicolor-836-x-523-px.png","width":836,"height":523},{"@type":"BreadcrumbList","@id":"https:\/\/www.manquecura.cl\/ciudad-de-los-valles\/noticias\/celebracion-dia-del-estudiante-2024\/#breadcrumb","itemListElement":[{"@type":"ListItem","position":1,"name":"Home","item":"https:\/\/www.manquecura.cl\/ciudad-de-los-valles\/"},{"@type":"ListItem","position":2,"name":"Celebraci\u00f3n D\u00eda del Estudiante 2024"}]},{"@type":"WebSite","@id":"https:\/\/www.manquecura.cl\/ciudad-de-los-valles\/#website","url":"https:\/\/www.manquecura.cl\/ciudad-de-los-valles\/","name":"Colegio Manquecura Ciudad de los Valles","description":"Cognita Schools","publisher":{"@id":"https:\/\/www.manquecura.cl\/ciudad-de-los-valles\/#organization"},"potentialAction":[{"@type":"SearchAction","target":{"@type":"EntryPoint","urlTemplate":"https:\/\/www.manquecura.cl\/ciudad-de-los-valles\/?s={search_term_string}"},"query-input":{"@type":"PropertyValueSpecification","valueRequired":true,"valueName":"search_term_string"}}],"inLanguage":"es"},{"@type":"Organization","@id":"https:\/\/www.manquecura.cl\/ciudad-de-los-valles\/#organization","name":"Colegio Manquecura Ciudad de los Valles","url":"https:\/\/www.manquecura.cl\/ciudad-de-los-valles\/","logo":{"@type":"ImageObject","inLanguage":"es","@id":"https:\/\/www.manquecura.cl\/ciudad-de-los-valles\/#\/schema\/logo\/image\/","url":"https:\/\/www.manquecura.cl\/ciudad-de-los-valles\/wp-content\/uploads\/sites\/42\/2025\/02\/logo_Manquecura_Ciudad-de-Los-Valles_horizontal_color.jpg","contentUrl":"https:\/\/www.manquecura.cl\/ciudad-de-los-valles\/wp-content\/uploads\/sites\/42\/2025\/02\/logo_Manquecura_Ciudad-de-Los-Valles_horizontal_color.jpg","width":599,"height":179,"caption":"Colegio Manquecura Ciudad de los Valles"},"image":{"@id":"https:\/\/www.manquecura.cl\/ciudad-de-los-valles\/#\/schema\/logo\/image\/"},"sameAs":["http:\/\/www.facebook.com\/ColegiosManquecura","https:\/\/www.manquecura.cl\/ciudad-de-los-valles\/","http:\/\/www.youtube.com\/c\/CognitaChile"]},{"@type":"Person","@id":"https:\/\/www.manquecura.cl\/ciudad-de-los-valles\/#\/schema\/person\/0debeea140e397b5d490ee7e553255d8","name":"jorgedelcampo","image":{"@type":"ImageObject","inLanguage":"es","@id":"https:\/\/www.manquecura.cl\/ciudad-de-los-valles\/#\/schema\/person\/image\/","url":"https:\/\/secure.gravatar.com\/avatar\/4a315f521213b2dc91dbda9bf799f711c8a98ab6f5606ec42cf5b33d1e762e8a?s=96&d=mm&r=g","contentUrl":"https:\/\/secure.gravatar.com\/avatar\/4a315f521213b2dc91dbda9bf799f711c8a98ab6f5606ec42cf5b33d1e762e8a?s=96&d=mm&r=g","caption":"jorgedelcampo"}}]}},"jetpack_featured_media_url":"https:\/\/www.manquecura.cl\/ciudad-de-los-valles\/wp-content\/uploads\/sites\/42\/2024\/05\/Historia-de-Instagram-del-Dia-del-Maestro-Felicitacion-Creativa-Infantil-Multicolor-836-x-523-px.png","previous_post_ID":16716,"previous_post_title":"Certificaciones Cambridge Colegio Manquecura Ciudad de Los Valles","previous_post_excerpt":"Durante la English Week, desde el 6 al 10 de mayo, nuestro Colegio Manquecura Ciudad de Los Valles celebr\u00f3 con orgullo una emotiva ceremonia para reconocer el esfuerzo y dedicaci\u00f3n de nuestros estudiantes de Educaci\u00f3n B\u00e1sica y Media que se prepararon durante el a\u00f1o 2023 para rendir sus Ex\u00e1menes de Certificaci\u00f3n Internacional de Cambridge. En [&hellip;]","previous_post_link":"https:\/\/www.manquecura.cl\/ciudad-de-los-valles\/noticias\/certificaciones-cambridge-colegio-manquecura-ciudad-de-los-valles\/","previous_post_class":["post-16716","post","type-post","status-publish","format-standard","has-post-thumbnail","hentry","category-vida-escolar"],"next_post_ID":16511,"next_post_title":"ABP \u201cRecorriendo el Oc\u00e9ano\u201d en Educaci\u00f3n Parvularia","next_post_excerpt":"Hab\u00eda una vez, en una escuela muy especial, un grupo de ni\u00f1os peque\u00f1os de Play Group, Jard\u00edn Infantil, Pre Kinder y Kinder que hicieron un trabajo muy divertido y educativo, en vista del cierre del proyecto ABP &#8220;Aprendizaje Basado en Proyectos&#8221; el pr\u00f3ximo viernes 31 de mayo. \u00bfQuieren saber qu\u00e9 hicieron? \u00a1Vamos a descubrirlo juntos! [&hellip;]","next_post_link":"https:\/\/www.manquecura.cl\/ciudad-de-los-valles\/noticias\/abp-recorriendo-el-oceano-en-educacion-parvularia\/","next_post_class":["post-16511","post","type-post","status-publish","format-standard","has-post-thumbnail","hentry","category-vida-escolar"],"jetpack_sharing_enabled":true,"_links":{"self":[{"href":"https:\/\/www.manquecura.cl\/ciudad-de-los-valles\/wp-json\/wp\/v2\/posts\/16477","targetHints":{"allow":["GET"]}}],"collection":[{"href":"https:\/\/www.manquecura.cl\/ciudad-de-los-valles\/wp-json\/wp\/v2\/posts"}],"about":[{"href":"https:\/\/www.manquecura.cl\/ciudad-de-los-valles\/wp-json\/wp\/v2\/types\/post"}],"author":[{"embeddable":true,"href":"https:\/\/www.manquecura.cl\/ciudad-de-los-valles\/wp-json\/wp\/v2\/users\/14"}],"replies":[{"embeddable":true,"href":"https:\/\/www.manquecura.cl\/ciudad-de-los-valles\/wp-json\/wp\/v2\/comments?post=16477"}],"version-history":[{"count":0,"href":"https:\/\/www.manquecura.cl\/ciudad-de-los-valles\/wp-json\/wp\/v2\/posts\/16477\/revisions"}],"wp:featuredmedia":[{"embeddable":true,"href":"https:\/\/www.manquecura.cl\/ciudad-de-los-valles\/wp-json\/wp\/v2\/media\/16478"}],"wp:attachment":[{"href":"https:\/\/www.manquecura.cl\/ciudad-de-los-valles\/wp-json\/wp\/v2\/media?parent=16477"}],"wp:term":[{"taxonomy":"category","embeddable":true,"href":"https:\/\/www.manquecura.cl\/ciudad-de-los-valles\/wp-json\/wp\/v2\/categories?post=16477"},{"taxonomy":"post_tag","embeddable":true,"href":"https:\/\/www.manquecura.cl\/ciudad-de-los-valles\/wp-json\/wp\/v2\/tags?post=16477"}],"curies":[{"name":"wp","href":"https:\/\/api.w.org\/{rel}","templated":true}]}}