{"id":15749,"date":"2023-10-31T10:53:14","date_gmt":"2023-10-31T13:53:14","guid":{"rendered":"https:\/\/www.manquecura.cl\/ciudad-de-los-valles\/?p=15749"},"modified":"2023-10-31T10:53:14","modified_gmt":"2023-10-31T13:53:14","slug":"nuestros-estudiantes-participan-en-el-encuentro-de-robotica-educativa-cognita","status":"publish","type":"post","link":"https:\/\/www.manquecura.cl\/ciudad-de-los-valles\/noticias\/nuestros-estudiantes-participan-en-el-encuentro-de-robotica-educativa-cognita\/","title":{"rendered":"Nuestros estudiantes participan en el &#8220;Encuentro de Rob\u00f3tica Educativa Cognita&#8221;\ud83e\udd16\u2728"},"content":{"rendered":"<p>Tres estudiantes de nuestro colegio participaron en el Encuentro de Rob\u00f3tica Educativa Cognita, en el marco de las actividades previas a la conferencia SCHOOL OF THE FUTURE 2023. El objeto de este encuentro fue fomentar el desarrollo de habilidades digitales, el pensamiento computacional y cient\u00edfico, y la creatividad e innovaci\u00f3n entre los estudiantes de 5\u00b0 b\u00e1sico a III medio.<\/p>\n<p>La actividad se realiz\u00f3 en el colegio Pumahue Chicureo el mi\u00e9rcoles 25 de octubre, entre seis colegios de la red Cognita Chile (Pumahue Curauma, Pumahue Chicureo, Manquecura Ciudad de Los Valle, Manquecura Ciudad del Este, Pumahue Chicauma y The Greenland School), el Liceo Bicentenario Abd\u00f3n Cifuentes y la Escuela Escritora Marcela Paz, reuniendo a m\u00e1s de 50 alumnos de los talleres de rob\u00f3tica de los establecimientos participantes, quienes pudieron competir en diversos desaf\u00edos y workshops a cargo de la Fundaci\u00f3n Mustakis.<\/p>\n<p>Por su dedicaci\u00f3n y esfuerzo reconocemos la participaci\u00f3n de nuestros estudiantes <strong>\u00a0Elena Gallegos, Constanza Castro y Liam Dussaillant,<\/strong> participantes de la categor\u00eda junior (estudiantes de 5\u00b0 a 7\u00b0 b\u00e1sico, llamados Aprendices Digitales, que est\u00e1n descubriendo las posibilidades de aprendizaje y son nuevos en rob\u00f3tica). Y a nuestra querida Digital Champion, Miss Marianela Jim\u00e9nez, quien ha guiado a los estudiantes en esta tarea.<\/p>\n<p>Valeria Capetillo Digital Learning Advisor (DLA) de Cognita Chile, explica que: \u201cA trav\u00e9s de la competencia se busca promover el dominio de conceptos tecnol\u00f3gicos clave y fomentar la mentalidad de Aprendiz e Innovador Digital, alineando as\u00ed el compromiso de Cognita con la excelencia educativa y el desarrollo integral de los estudiantes\u201d, puntualiza.<\/p>\n<p>Todos los participantes recibieron diplomas de participaci\u00f3n y un kit de la conferencia internacional School of the Future. Asimismo, los ganadores del encuentro en ambas categor\u00edas ser\u00e1n premiados el mi\u00e9rcoles 8 de noviembre en el Colegio Pumahue Chicureo, sede del d\u00eda presencial de la conferencia EdTech de la red de colegios, \u00fanica en Chile y Sudam\u00e9rica.<\/p>\n<p>[multimedia id=&#8221;1&#8243;]<\/p>\n"},"excerpt":{"rendered":"<p>Tres estudiantes de nuestro colegio participaron en el Encuentro de Rob\u00f3tica Educativa Cognita, en el marco de las actividades previas a la conferencia SCHOOL OF THE FUTURE 2023. El objeto de este encuentro fue fomentar el desarrollo de habilidades digitales, el pensamiento computacional y cient\u00edfico, y la creatividad e innovaci\u00f3n entre los estudiantes de 5\u00b0 [&hellip;]<\/p>\n","protected":false},"author":14,"featured_media":15763,"comment_status":"open","ping_status":"open","sticky":false,"template":"","format":"standard","meta":{"_acf_changed":false,"content-type":"","_jetpack_memberships_contains_paid_content":false,"footnotes":""},"categories":[1],"tags":[],"class_list":["post-15749","post","type-post","status-publish","format-standard","has-post-thumbnail","hentry","category-vida-escolar"],"acf":[],"yoast_head":"<!-- This site is optimized with the Yoast SEO plugin v27.1.1 - https:\/\/yoast.com\/product\/yoast-seo-wordpress\/ -->\n<title>Nuestros estudiantes participan en el &quot;Encuentro de Rob\u00f3tica Educativa Cognita&quot;\ud83e\udd16\u2728 - Colegio Manquecura Ciudad de los Valles<\/title>\n<meta name=\"robots\" content=\"index, follow, max-snippet:-1, max-image-preview:large, max-video-preview:-1\" \/>\n<link rel=\"canonical\" href=\"https:\/\/www.manquecura.cl\/ciudad-de-los-valles\/noticias\/nuestros-estudiantes-participan-en-el-encuentro-de-robotica-educativa-cognita\/\" \/>\n<meta property=\"og:locale\" content=\"es_ES\" \/>\n<meta property=\"og:type\" content=\"article\" \/>\n<meta property=\"og:title\" content=\"Nuestros estudiantes participan en el &quot;Encuentro de Rob\u00f3tica Educativa Cognita&quot;\ud83e\udd16\u2728 - Colegio Manquecura Ciudad de los Valles\" \/>\n<meta property=\"og:description\" content=\"Tres estudiantes de nuestro colegio participaron en el Encuentro de Rob\u00f3tica Educativa Cognita, en el marco de las actividades previas a la conferencia SCHOOL OF THE FUTURE 2023. El objeto de este encuentro fue fomentar el desarrollo de habilidades digitales, el pensamiento computacional y cient\u00edfico, y la creatividad e innovaci\u00f3n entre los estudiantes de 5\u00b0 [&hellip;]\" \/>\n<meta property=\"og:url\" content=\"https:\/\/www.manquecura.cl\/ciudad-de-los-valles\/noticias\/nuestros-estudiantes-participan-en-el-encuentro-de-robotica-educativa-cognita\/\" \/>\n<meta property=\"og:site_name\" content=\"Colegio Manquecura Ciudad de los Valles\" \/>\n<meta property=\"article:publisher\" content=\"http:\/\/www.facebook.com\/ColegiosManquecura\" \/>\n<meta property=\"article:published_time\" content=\"2023-10-31T13:53:14+00:00\" \/>\n<meta property=\"og:image\" content=\"https:\/\/www.manquecura.cl\/ciudad-de-los-valles\/wp-content\/uploads\/sites\/42\/2023\/10\/14-1.png\" \/>\n\t<meta property=\"og:image:width\" content=\"836\" \/>\n\t<meta property=\"og:image:height\" content=\"523\" \/>\n\t<meta property=\"og:image:type\" content=\"image\/png\" \/>\n<meta name=\"author\" content=\"jorgedelcampo\" \/>\n<meta name=\"twitter:card\" content=\"summary_large_image\" \/>\n<meta name=\"twitter:label1\" content=\"Escrito por\" \/>\n\t<meta name=\"twitter:data1\" content=\"jorgedelcampo\" \/>\n\t<meta name=\"twitter:label2\" content=\"Tiempo de lectura\" \/>\n\t<meta name=\"twitter:data2\" content=\"2 minutos\" \/>\n<script type=\"application\/ld+json\" class=\"yoast-schema-graph\">{\"@context\":\"https:\/\/schema.org\",\"@graph\":[{\"@type\":\"Article\",\"@id\":\"https:\/\/www.manquecura.cl\/ciudad-de-los-valles\/noticias\/nuestros-estudiantes-participan-en-el-encuentro-de-robotica-educativa-cognita\/#article\",\"isPartOf\":{\"@id\":\"https:\/\/www.manquecura.cl\/ciudad-de-los-valles\/noticias\/nuestros-estudiantes-participan-en-el-encuentro-de-robotica-educativa-cognita\/\"},\"author\":{\"name\":\"jorgedelcampo\",\"@id\":\"https:\/\/www.manquecura.cl\/ciudad-de-los-valles\/#\/schema\/person\/0debeea140e397b5d490ee7e553255d8\"},\"headline\":\"Nuestros estudiantes participan en el &#8220;Encuentro de Rob\u00f3tica Educativa Cognita&#8221;\ud83e\udd16\u2728\",\"datePublished\":\"2023-10-31T13:53:14+00:00\",\"mainEntityOfPage\":{\"@id\":\"https:\/\/www.manquecura.cl\/ciudad-de-los-valles\/noticias\/nuestros-estudiantes-participan-en-el-encuentro-de-robotica-educativa-cognita\/\"},\"wordCount\":341,\"commentCount\":0,\"publisher\":{\"@id\":\"https:\/\/www.manquecura.cl\/ciudad-de-los-valles\/#organization\"},\"image\":{\"@id\":\"https:\/\/www.manquecura.cl\/ciudad-de-los-valles\/noticias\/nuestros-estudiantes-participan-en-el-encuentro-de-robotica-educativa-cognita\/#primaryimage\"},\"thumbnailUrl\":\"https:\/\/www.manquecura.cl\/ciudad-de-los-valles\/wp-content\/uploads\/sites\/42\/2023\/10\/14-1.png\",\"articleSection\":[\"Vida Escolar\"],\"inLanguage\":\"es\",\"potentialAction\":[{\"@type\":\"CommentAction\",\"name\":\"Comment\",\"target\":[\"https:\/\/www.manquecura.cl\/ciudad-de-los-valles\/noticias\/nuestros-estudiantes-participan-en-el-encuentro-de-robotica-educativa-cognita\/#respond\"]}]},{\"@type\":\"WebPage\",\"@id\":\"https:\/\/www.manquecura.cl\/ciudad-de-los-valles\/noticias\/nuestros-estudiantes-participan-en-el-encuentro-de-robotica-educativa-cognita\/\",\"url\":\"https:\/\/www.manquecura.cl\/ciudad-de-los-valles\/noticias\/nuestros-estudiantes-participan-en-el-encuentro-de-robotica-educativa-cognita\/\",\"name\":\"Nuestros estudiantes participan en el \\\"Encuentro de Rob\u00f3tica Educativa Cognita\\\"\ud83e\udd16\u2728 - Colegio Manquecura Ciudad de los Valles\",\"isPartOf\":{\"@id\":\"https:\/\/www.manquecura.cl\/ciudad-de-los-valles\/#website\"},\"primaryImageOfPage\":{\"@id\":\"https:\/\/www.manquecura.cl\/ciudad-de-los-valles\/noticias\/nuestros-estudiantes-participan-en-el-encuentro-de-robotica-educativa-cognita\/#primaryimage\"},\"image\":{\"@id\":\"https:\/\/www.manquecura.cl\/ciudad-de-los-valles\/noticias\/nuestros-estudiantes-participan-en-el-encuentro-de-robotica-educativa-cognita\/#primaryimage\"},\"thumbnailUrl\":\"https:\/\/www.manquecura.cl\/ciudad-de-los-valles\/wp-content\/uploads\/sites\/42\/2023\/10\/14-1.png\",\"datePublished\":\"2023-10-31T13:53:14+00:00\",\"breadcrumb\":{\"@id\":\"https:\/\/www.manquecura.cl\/ciudad-de-los-valles\/noticias\/nuestros-estudiantes-participan-en-el-encuentro-de-robotica-educativa-cognita\/#breadcrumb\"},\"inLanguage\":\"es\",\"potentialAction\":[{\"@type\":\"ReadAction\",\"target\":[\"https:\/\/www.manquecura.cl\/ciudad-de-los-valles\/noticias\/nuestros-estudiantes-participan-en-el-encuentro-de-robotica-educativa-cognita\/\"]}]},{\"@type\":\"ImageObject\",\"inLanguage\":\"es\",\"@id\":\"https:\/\/www.manquecura.cl\/ciudad-de-los-valles\/noticias\/nuestros-estudiantes-participan-en-el-encuentro-de-robotica-educativa-cognita\/#primaryimage\",\"url\":\"https:\/\/www.manquecura.cl\/ciudad-de-los-valles\/wp-content\/uploads\/sites\/42\/2023\/10\/14-1.png\",\"contentUrl\":\"https:\/\/www.manquecura.cl\/ciudad-de-los-valles\/wp-content\/uploads\/sites\/42\/2023\/10\/14-1.png\",\"width\":836,\"height\":523},{\"@type\":\"BreadcrumbList\",\"@id\":\"https:\/\/www.manquecura.cl\/ciudad-de-los-valles\/noticias\/nuestros-estudiantes-participan-en-el-encuentro-de-robotica-educativa-cognita\/#breadcrumb\",\"itemListElement\":[{\"@type\":\"ListItem\",\"position\":1,\"name\":\"Home\",\"item\":\"https:\/\/www.manquecura.cl\/ciudad-de-los-valles\/\"},{\"@type\":\"ListItem\",\"position\":2,\"name\":\"Nuestros estudiantes participan en el &#8220;Encuentro de Rob\u00f3tica Educativa Cognita&#8221;\ud83e\udd16\u2728\"}]},{\"@type\":\"WebSite\",\"@id\":\"https:\/\/www.manquecura.cl\/ciudad-de-los-valles\/#website\",\"url\":\"https:\/\/www.manquecura.cl\/ciudad-de-los-valles\/\",\"name\":\"Colegio Manquecura Ciudad de los Valles\",\"description\":\"Cognita Schools\",\"publisher\":{\"@id\":\"https:\/\/www.manquecura.cl\/ciudad-de-los-valles\/#organization\"},\"potentialAction\":[{\"@type\":\"SearchAction\",\"target\":{\"@type\":\"EntryPoint\",\"urlTemplate\":\"https:\/\/www.manquecura.cl\/ciudad-de-los-valles\/?s={search_term_string}\"},\"query-input\":{\"@type\":\"PropertyValueSpecification\",\"valueRequired\":true,\"valueName\":\"search_term_string\"}}],\"inLanguage\":\"es\"},{\"@type\":\"Organization\",\"@id\":\"https:\/\/www.manquecura.cl\/ciudad-de-los-valles\/#organization\",\"name\":\"Colegio Manquecura Ciudad de los Valles\",\"url\":\"https:\/\/www.manquecura.cl\/ciudad-de-los-valles\/\",\"logo\":{\"@type\":\"ImageObject\",\"inLanguage\":\"es\",\"@id\":\"https:\/\/www.manquecura.cl\/ciudad-de-los-valles\/#\/schema\/logo\/image\/\",\"url\":\"https:\/\/www.manquecura.cl\/ciudad-de-los-valles\/wp-content\/uploads\/sites\/42\/2025\/02\/logo_Manquecura_Ciudad-de-Los-Valles_horizontal_color.jpg\",\"contentUrl\":\"https:\/\/www.manquecura.cl\/ciudad-de-los-valles\/wp-content\/uploads\/sites\/42\/2025\/02\/logo_Manquecura_Ciudad-de-Los-Valles_horizontal_color.jpg\",\"width\":599,\"height\":179,\"caption\":\"Colegio Manquecura Ciudad de los Valles\"},\"image\":{\"@id\":\"https:\/\/www.manquecura.cl\/ciudad-de-los-valles\/#\/schema\/logo\/image\/\"},\"sameAs\":[\"http:\/\/www.facebook.com\/ColegiosManquecura\",\"https:\/\/www.manquecura.cl\/ciudad-de-los-valles\/\",\"http:\/\/www.youtube.com\/c\/CognitaChile\"]},{\"@type\":\"Person\",\"@id\":\"https:\/\/www.manquecura.cl\/ciudad-de-los-valles\/#\/schema\/person\/0debeea140e397b5d490ee7e553255d8\",\"name\":\"jorgedelcampo\",\"image\":{\"@type\":\"ImageObject\",\"inLanguage\":\"es\",\"@id\":\"https:\/\/www.manquecura.cl\/ciudad-de-los-valles\/#\/schema\/person\/image\/\",\"url\":\"https:\/\/secure.gravatar.com\/avatar\/4a315f521213b2dc91dbda9bf799f711c8a98ab6f5606ec42cf5b33d1e762e8a?s=96&d=mm&r=g\",\"contentUrl\":\"https:\/\/secure.gravatar.com\/avatar\/4a315f521213b2dc91dbda9bf799f711c8a98ab6f5606ec42cf5b33d1e762e8a?s=96&d=mm&r=g\",\"caption\":\"jorgedelcampo\"}}]}<\/script>\n<!-- \/ Yoast SEO plugin. -->","yoast_head_json":{"title":"Nuestros estudiantes participan en el \"Encuentro de Rob\u00f3tica Educativa Cognita\"\ud83e\udd16\u2728 - Colegio Manquecura Ciudad de los Valles","robots":{"index":"index","follow":"follow","max-snippet":"max-snippet:-1","max-image-preview":"max-image-preview:large","max-video-preview":"max-video-preview:-1"},"canonical":"https:\/\/www.manquecura.cl\/ciudad-de-los-valles\/noticias\/nuestros-estudiantes-participan-en-el-encuentro-de-robotica-educativa-cognita\/","og_locale":"es_ES","og_type":"article","og_title":"Nuestros estudiantes participan en el \"Encuentro de Rob\u00f3tica Educativa Cognita\"\ud83e\udd16\u2728 - Colegio Manquecura Ciudad de los Valles","og_description":"Tres estudiantes de nuestro colegio participaron en el Encuentro de Rob\u00f3tica Educativa Cognita, en el marco de las actividades previas a la conferencia SCHOOL OF THE FUTURE 2023. El objeto de este encuentro fue fomentar el desarrollo de habilidades digitales, el pensamiento computacional y cient\u00edfico, y la creatividad e innovaci\u00f3n entre los estudiantes de 5\u00b0 [&hellip;]","og_url":"https:\/\/www.manquecura.cl\/ciudad-de-los-valles\/noticias\/nuestros-estudiantes-participan-en-el-encuentro-de-robotica-educativa-cognita\/","og_site_name":"Colegio Manquecura Ciudad de los Valles","article_publisher":"http:\/\/www.facebook.com\/ColegiosManquecura","article_published_time":"2023-10-31T13:53:14+00:00","og_image":[{"width":836,"height":523,"url":"https:\/\/www.manquecura.cl\/ciudad-de-los-valles\/wp-content\/uploads\/sites\/42\/2023\/10\/14-1.png","type":"image\/png"}],"author":"jorgedelcampo","twitter_card":"summary_large_image","twitter_misc":{"Escrito por":"jorgedelcampo","Tiempo de lectura":"2 minutos"},"schema":{"@context":"https:\/\/schema.org","@graph":[{"@type":"Article","@id":"https:\/\/www.manquecura.cl\/ciudad-de-los-valles\/noticias\/nuestros-estudiantes-participan-en-el-encuentro-de-robotica-educativa-cognita\/#article","isPartOf":{"@id":"https:\/\/www.manquecura.cl\/ciudad-de-los-valles\/noticias\/nuestros-estudiantes-participan-en-el-encuentro-de-robotica-educativa-cognita\/"},"author":{"name":"jorgedelcampo","@id":"https:\/\/www.manquecura.cl\/ciudad-de-los-valles\/#\/schema\/person\/0debeea140e397b5d490ee7e553255d8"},"headline":"Nuestros estudiantes participan en el &#8220;Encuentro de Rob\u00f3tica Educativa Cognita&#8221;\ud83e\udd16\u2728","datePublished":"2023-10-31T13:53:14+00:00","mainEntityOfPage":{"@id":"https:\/\/www.manquecura.cl\/ciudad-de-los-valles\/noticias\/nuestros-estudiantes-participan-en-el-encuentro-de-robotica-educativa-cognita\/"},"wordCount":341,"commentCount":0,"publisher":{"@id":"https:\/\/www.manquecura.cl\/ciudad-de-los-valles\/#organization"},"image":{"@id":"https:\/\/www.manquecura.cl\/ciudad-de-los-valles\/noticias\/nuestros-estudiantes-participan-en-el-encuentro-de-robotica-educativa-cognita\/#primaryimage"},"thumbnailUrl":"https:\/\/www.manquecura.cl\/ciudad-de-los-valles\/wp-content\/uploads\/sites\/42\/2023\/10\/14-1.png","articleSection":["Vida Escolar"],"inLanguage":"es","potentialAction":[{"@type":"CommentAction","name":"Comment","target":["https:\/\/www.manquecura.cl\/ciudad-de-los-valles\/noticias\/nuestros-estudiantes-participan-en-el-encuentro-de-robotica-educativa-cognita\/#respond"]}]},{"@type":"WebPage","@id":"https:\/\/www.manquecura.cl\/ciudad-de-los-valles\/noticias\/nuestros-estudiantes-participan-en-el-encuentro-de-robotica-educativa-cognita\/","url":"https:\/\/www.manquecura.cl\/ciudad-de-los-valles\/noticias\/nuestros-estudiantes-participan-en-el-encuentro-de-robotica-educativa-cognita\/","name":"Nuestros estudiantes participan en el \"Encuentro de Rob\u00f3tica Educativa Cognita\"\ud83e\udd16\u2728 - Colegio Manquecura Ciudad de los Valles","isPartOf":{"@id":"https:\/\/www.manquecura.cl\/ciudad-de-los-valles\/#website"},"primaryImageOfPage":{"@id":"https:\/\/www.manquecura.cl\/ciudad-de-los-valles\/noticias\/nuestros-estudiantes-participan-en-el-encuentro-de-robotica-educativa-cognita\/#primaryimage"},"image":{"@id":"https:\/\/www.manquecura.cl\/ciudad-de-los-valles\/noticias\/nuestros-estudiantes-participan-en-el-encuentro-de-robotica-educativa-cognita\/#primaryimage"},"thumbnailUrl":"https:\/\/www.manquecura.cl\/ciudad-de-los-valles\/wp-content\/uploads\/sites\/42\/2023\/10\/14-1.png","datePublished":"2023-10-31T13:53:14+00:00","breadcrumb":{"@id":"https:\/\/www.manquecura.cl\/ciudad-de-los-valles\/noticias\/nuestros-estudiantes-participan-en-el-encuentro-de-robotica-educativa-cognita\/#breadcrumb"},"inLanguage":"es","potentialAction":[{"@type":"ReadAction","target":["https:\/\/www.manquecura.cl\/ciudad-de-los-valles\/noticias\/nuestros-estudiantes-participan-en-el-encuentro-de-robotica-educativa-cognita\/"]}]},{"@type":"ImageObject","inLanguage":"es","@id":"https:\/\/www.manquecura.cl\/ciudad-de-los-valles\/noticias\/nuestros-estudiantes-participan-en-el-encuentro-de-robotica-educativa-cognita\/#primaryimage","url":"https:\/\/www.manquecura.cl\/ciudad-de-los-valles\/wp-content\/uploads\/sites\/42\/2023\/10\/14-1.png","contentUrl":"https:\/\/www.manquecura.cl\/ciudad-de-los-valles\/wp-content\/uploads\/sites\/42\/2023\/10\/14-1.png","width":836,"height":523},{"@type":"BreadcrumbList","@id":"https:\/\/www.manquecura.cl\/ciudad-de-los-valles\/noticias\/nuestros-estudiantes-participan-en-el-encuentro-de-robotica-educativa-cognita\/#breadcrumb","itemListElement":[{"@type":"ListItem","position":1,"name":"Home","item":"https:\/\/www.manquecura.cl\/ciudad-de-los-valles\/"},{"@type":"ListItem","position":2,"name":"Nuestros estudiantes participan en el &#8220;Encuentro de Rob\u00f3tica Educativa Cognita&#8221;\ud83e\udd16\u2728"}]},{"@type":"WebSite","@id":"https:\/\/www.manquecura.cl\/ciudad-de-los-valles\/#website","url":"https:\/\/www.manquecura.cl\/ciudad-de-los-valles\/","name":"Colegio Manquecura Ciudad de los Valles","description":"Cognita Schools","publisher":{"@id":"https:\/\/www.manquecura.cl\/ciudad-de-los-valles\/#organization"},"potentialAction":[{"@type":"SearchAction","target":{"@type":"EntryPoint","urlTemplate":"https:\/\/www.manquecura.cl\/ciudad-de-los-valles\/?s={search_term_string}"},"query-input":{"@type":"PropertyValueSpecification","valueRequired":true,"valueName":"search_term_string"}}],"inLanguage":"es"},{"@type":"Organization","@id":"https:\/\/www.manquecura.cl\/ciudad-de-los-valles\/#organization","name":"Colegio Manquecura Ciudad de los Valles","url":"https:\/\/www.manquecura.cl\/ciudad-de-los-valles\/","logo":{"@type":"ImageObject","inLanguage":"es","@id":"https:\/\/www.manquecura.cl\/ciudad-de-los-valles\/#\/schema\/logo\/image\/","url":"https:\/\/www.manquecura.cl\/ciudad-de-los-valles\/wp-content\/uploads\/sites\/42\/2025\/02\/logo_Manquecura_Ciudad-de-Los-Valles_horizontal_color.jpg","contentUrl":"https:\/\/www.manquecura.cl\/ciudad-de-los-valles\/wp-content\/uploads\/sites\/42\/2025\/02\/logo_Manquecura_Ciudad-de-Los-Valles_horizontal_color.jpg","width":599,"height":179,"caption":"Colegio Manquecura Ciudad de los Valles"},"image":{"@id":"https:\/\/www.manquecura.cl\/ciudad-de-los-valles\/#\/schema\/logo\/image\/"},"sameAs":["http:\/\/www.facebook.com\/ColegiosManquecura","https:\/\/www.manquecura.cl\/ciudad-de-los-valles\/","http:\/\/www.youtube.com\/c\/CognitaChile"]},{"@type":"Person","@id":"https:\/\/www.manquecura.cl\/ciudad-de-los-valles\/#\/schema\/person\/0debeea140e397b5d490ee7e553255d8","name":"jorgedelcampo","image":{"@type":"ImageObject","inLanguage":"es","@id":"https:\/\/www.manquecura.cl\/ciudad-de-los-valles\/#\/schema\/person\/image\/","url":"https:\/\/secure.gravatar.com\/avatar\/4a315f521213b2dc91dbda9bf799f711c8a98ab6f5606ec42cf5b33d1e762e8a?s=96&d=mm&r=g","contentUrl":"https:\/\/secure.gravatar.com\/avatar\/4a315f521213b2dc91dbda9bf799f711c8a98ab6f5606ec42cf5b33d1e762e8a?s=96&d=mm&r=g","caption":"jorgedelcampo"}}]}},"jetpack_featured_media_url":"https:\/\/www.manquecura.cl\/ciudad-de-los-valles\/wp-content\/uploads\/sites\/42\/2023\/10\/14-1.png","previous_post_ID":15726,"previous_post_title":"#SEGUIMOSMEJORANDO: Instalaci\u00f3n de dos nuevos desfibriladores (DEA)","previous_post_excerpt":"En el marco de nuestro plan de mejoras en cuanto a infraestructura y seguridad, se realiz\u00f3 la compra de dos nuevos desfibriladores\u00a0(DEA), los cuales fueron instalados en biblioteca y en el ciclo de p\u00e1rvulos. Esta adquisici\u00f3n va en directa relaci\u00f3n a la seguridad de nuestros estudiantes en caso de que se presente alguna emergencia. Estamos [&hellip;]","previous_post_link":"https:\/\/www.manquecura.cl\/ciudad-de-los-valles\/noticias\/seguimosmejorando-instalacion-de-dos-nuevos-desfibriladores-dea\/","previous_post_class":["post-15726","post","type-post","status-publish","format-standard","has-post-thumbnail","hentry","category-vida-escolar"],"next_post_ID":15808,"next_post_title":"Exitosa 1\u00b0 Feria de Salud Mental\ud83e\udde0\u2728","next_post_excerpt":"En el marco de la campa\u00f1a anual de Salvaguarda #Hablemos, e integrando gran parte del trabajo formativo del programa Desarrollando L\u00edderes Inspiradores (DLI), el 26 de octubre realizamos la I Feria de Salud Mental, la cual tuvo como objetivo promover el bienestar y sanidad mental de manera integral en nuestros estudiantes y docentes. La actividad [&hellip;]","next_post_link":"https:\/\/www.manquecura.cl\/ciudad-de-los-valles\/noticias\/exitosa-1-feria-de-salud-mental\/","next_post_class":["post-15808","post","type-post","status-publish","format-standard","has-post-thumbnail","hentry","category-vida-escolar"],"jetpack_sharing_enabled":true,"_links":{"self":[{"href":"https:\/\/www.manquecura.cl\/ciudad-de-los-valles\/wp-json\/wp\/v2\/posts\/15749","targetHints":{"allow":["GET"]}}],"collection":[{"href":"https:\/\/www.manquecura.cl\/ciudad-de-los-valles\/wp-json\/wp\/v2\/posts"}],"about":[{"href":"https:\/\/www.manquecura.cl\/ciudad-de-los-valles\/wp-json\/wp\/v2\/types\/post"}],"author":[{"embeddable":true,"href":"https:\/\/www.manquecura.cl\/ciudad-de-los-valles\/wp-json\/wp\/v2\/users\/14"}],"replies":[{"embeddable":true,"href":"https:\/\/www.manquecura.cl\/ciudad-de-los-valles\/wp-json\/wp\/v2\/comments?post=15749"}],"version-history":[{"count":0,"href":"https:\/\/www.manquecura.cl\/ciudad-de-los-valles\/wp-json\/wp\/v2\/posts\/15749\/revisions"}],"wp:featuredmedia":[{"embeddable":true,"href":"https:\/\/www.manquecura.cl\/ciudad-de-los-valles\/wp-json\/wp\/v2\/media\/15763"}],"wp:attachment":[{"href":"https:\/\/www.manquecura.cl\/ciudad-de-los-valles\/wp-json\/wp\/v2\/media?parent=15749"}],"wp:term":[{"taxonomy":"category","embeddable":true,"href":"https:\/\/www.manquecura.cl\/ciudad-de-los-valles\/wp-json\/wp\/v2\/categories?post=15749"},{"taxonomy":"post_tag","embeddable":true,"href":"https:\/\/www.manquecura.cl\/ciudad-de-los-valles\/wp-json\/wp\/v2\/tags?post=15749"}],"curies":[{"name":"wp","href":"https:\/\/api.w.org\/{rel}","templated":true}]}}