{"id":15686,"date":"2023-10-11T15:15:11","date_gmt":"2023-10-11T18:15:11","guid":{"rendered":"https:\/\/www.manquecura.cl\/ciudad-de-los-valles\/?p=15686"},"modified":"2023-10-11T15:15:11","modified_gmt":"2023-10-11T18:15:11","slug":"maura-ruiz-destaca-en-gimnasia-artistica","status":"publish","type":"post","link":"https:\/\/www.manquecura.cl\/ciudad-de-los-valles\/noticias\/maura-ruiz-destaca-en-gimnasia-artistica\/","title":{"rendered":"Maura Ruiz-Tagle estudiante de 6\u00b0 b\u00e1sico destaca en Gimnasia Art\u00edstica \u2728"},"content":{"rendered":"<p>Felicitamos Maura Ruiz- Tagle, estudiante de 6\u00b0 b\u00e1sico, por su destacada participaci\u00f3n en la Copa Espa\u00f1a, campeonato de gimnasia art\u00edstica organizado por el Club Espa\u00f1ol.<\/p>\n<p>Maura obtuvo tercer lugar en Viga y tercer lugar en suelo, y cuarto lugar en All Around (promedio de suelo, viga, barra y salto). Tambi\u00e9n ha participado en otras competencias junio 2022 &#8220;Zonal Metropolitano&#8221; donde obtuvo segundo lugar en &#8220;salto&#8221;. Por otra parte, en &#8220;Copa de la Solidaridad&#8221; sac\u00f3 el primer lugar &#8220;salto&#8221; y 3\u00b0 lugar (All Around). Finalmente en junio de este a\u00f1o, particip\u00f3 en la Copa Autoclub en Antofagasta, obteniendo podio, adem\u00e1s fue ascendida de nivel, pasando del 2 al nivel 4. Asimismo, tuvo la nominaci\u00f3n para participar en el Sudamericano de Cali, Colombia, por su desarrollo y desempe\u00f1o en su Gimnasio<\/p>\n<p>Para su familia es un orgullo los logros de Maura, expresando que, <em>\u201ccomo familia esto significa un orgullo poder acompa\u00f1arla en este deporte que ella eligi\u00f3, de verla avanzar a pasos agigantados, de verla desarrollarse y de ser una ni\u00f1a feliz con lo que hace. Apoyarla y contenerla cuando tambi\u00e9n no se logra el objetivo en una competencia o en un entrenamiento. Todos nos sentimos muy orgulloso de como se ha desenvuelto en todo esto, porque no es f\u00e1cil estudiar, muchas veces perderse eventos familiares, juntas con amigos y vacaciones, ya que el tiempo es escaso, pero Maura sabe que esto es as\u00ed y ah\u00ed estamos para apoyarla. La importancia de participar en estos campeonatos es poder aplicar lo ha aprendido, trabajo en equipo y darse a conocer como gimnasta &#8220;.<\/em><\/p>\n<p>Reiteramos las felicitaciones a Maura y a su familia por acompa\u00f1arla y hacer posible sus sue\u00f1os y deseamos \u00e9xito en las pr\u00f3ximas competencias.<\/p>\n<p>[multimedia id=&#8221;1&#8243;]<\/p>\n"},"excerpt":{"rendered":"<p>Felicitamos Maura Ruiz- Tagle, estudiante de 6\u00b0 b\u00e1sico, por su destacada participaci\u00f3n en la Copa Espa\u00f1a, campeonato de gimnasia art\u00edstica organizado por el Club Espa\u00f1ol. Maura obtuvo tercer lugar en Viga y tercer lugar en suelo, y cuarto lugar en All Around (promedio de suelo, viga, barra y salto). Tambi\u00e9n ha participado en otras competencias [&hellip;]<\/p>\n","protected":false},"author":14,"featured_media":15681,"comment_status":"open","ping_status":"open","sticky":false,"template":"","format":"standard","meta":{"_acf_changed":false,"content-type":"","_jetpack_memberships_contains_paid_content":false,"footnotes":""},"categories":[1],"tags":[],"class_list":["post-15686","post","type-post","status-publish","format-standard","has-post-thumbnail","hentry","category-vida-escolar"],"acf":[],"yoast_head":"<!-- This site is optimized with the Yoast SEO plugin v27.1.1 - https:\/\/yoast.com\/product\/yoast-seo-wordpress\/ -->\n<title>Maura Ruiz-Tagle estudiante de 6\u00b0 b\u00e1sico destaca en Gimnasia Art\u00edstica \u2728 - Colegio Manquecura Ciudad de los Valles<\/title>\n<meta name=\"robots\" content=\"index, follow, max-snippet:-1, max-image-preview:large, max-video-preview:-1\" \/>\n<link rel=\"canonical\" href=\"https:\/\/www.manquecura.cl\/ciudad-de-los-valles\/noticias\/maura-ruiz-destaca-en-gimnasia-artistica\/\" \/>\n<meta property=\"og:locale\" content=\"es_ES\" \/>\n<meta property=\"og:type\" content=\"article\" \/>\n<meta property=\"og:title\" content=\"Maura Ruiz-Tagle estudiante de 6\u00b0 b\u00e1sico destaca en Gimnasia Art\u00edstica \u2728 - Colegio Manquecura Ciudad de los Valles\" \/>\n<meta property=\"og:description\" content=\"Felicitamos Maura Ruiz- Tagle, estudiante de 6\u00b0 b\u00e1sico, por su destacada participaci\u00f3n en la Copa Espa\u00f1a, campeonato de gimnasia art\u00edstica organizado por el Club Espa\u00f1ol. Maura obtuvo tercer lugar en Viga y tercer lugar en suelo, y cuarto lugar en All Around (promedio de suelo, viga, barra y salto). Tambi\u00e9n ha participado en otras competencias [&hellip;]\" \/>\n<meta property=\"og:url\" content=\"https:\/\/www.manquecura.cl\/ciudad-de-los-valles\/noticias\/maura-ruiz-destaca-en-gimnasia-artistica\/\" \/>\n<meta property=\"og:site_name\" content=\"Colegio Manquecura Ciudad de los Valles\" \/>\n<meta property=\"article:publisher\" content=\"http:\/\/www.facebook.com\/ColegiosManquecura\" \/>\n<meta property=\"article:published_time\" content=\"2023-10-11T18:15:11+00:00\" \/>\n<meta property=\"og:image\" content=\"https:\/\/www.manquecura.cl\/ciudad-de-los-valles\/wp-content\/uploads\/sites\/42\/2023\/10\/10.jpg\" \/>\n\t<meta property=\"og:image:width\" content=\"836\" \/>\n\t<meta property=\"og:image:height\" content=\"523\" \/>\n\t<meta property=\"og:image:type\" content=\"image\/jpeg\" \/>\n<meta name=\"author\" content=\"jorgedelcampo\" \/>\n<meta name=\"twitter:card\" content=\"summary_large_image\" \/>\n<meta name=\"twitter:label1\" content=\"Escrito por\" \/>\n\t<meta name=\"twitter:data1\" content=\"jorgedelcampo\" \/>\n\t<meta name=\"twitter:label2\" content=\"Tiempo de lectura\" \/>\n\t<meta name=\"twitter:data2\" content=\"1 minuto\" \/>\n<script type=\"application\/ld+json\" class=\"yoast-schema-graph\">{\"@context\":\"https:\/\/schema.org\",\"@graph\":[{\"@type\":\"Article\",\"@id\":\"https:\/\/www.manquecura.cl\/ciudad-de-los-valles\/noticias\/maura-ruiz-destaca-en-gimnasia-artistica\/#article\",\"isPartOf\":{\"@id\":\"https:\/\/www.manquecura.cl\/ciudad-de-los-valles\/noticias\/maura-ruiz-destaca-en-gimnasia-artistica\/\"},\"author\":{\"name\":\"jorgedelcampo\",\"@id\":\"https:\/\/www.manquecura.cl\/ciudad-de-los-valles\/#\/schema\/person\/0debeea140e397b5d490ee7e553255d8\"},\"headline\":\"Maura Ruiz-Tagle estudiante de 6\u00b0 b\u00e1sico destaca en Gimnasia Art\u00edstica \u2728\",\"datePublished\":\"2023-10-11T18:15:11+00:00\",\"mainEntityOfPage\":{\"@id\":\"https:\/\/www.manquecura.cl\/ciudad-de-los-valles\/noticias\/maura-ruiz-destaca-en-gimnasia-artistica\/\"},\"wordCount\":307,\"commentCount\":0,\"publisher\":{\"@id\":\"https:\/\/www.manquecura.cl\/ciudad-de-los-valles\/#organization\"},\"image\":{\"@id\":\"https:\/\/www.manquecura.cl\/ciudad-de-los-valles\/noticias\/maura-ruiz-destaca-en-gimnasia-artistica\/#primaryimage\"},\"thumbnailUrl\":\"https:\/\/www.manquecura.cl\/ciudad-de-los-valles\/wp-content\/uploads\/sites\/42\/2023\/10\/10.jpg\",\"articleSection\":[\"Vida Escolar\"],\"inLanguage\":\"es\",\"potentialAction\":[{\"@type\":\"CommentAction\",\"name\":\"Comment\",\"target\":[\"https:\/\/www.manquecura.cl\/ciudad-de-los-valles\/noticias\/maura-ruiz-destaca-en-gimnasia-artistica\/#respond\"]}]},{\"@type\":\"WebPage\",\"@id\":\"https:\/\/www.manquecura.cl\/ciudad-de-los-valles\/noticias\/maura-ruiz-destaca-en-gimnasia-artistica\/\",\"url\":\"https:\/\/www.manquecura.cl\/ciudad-de-los-valles\/noticias\/maura-ruiz-destaca-en-gimnasia-artistica\/\",\"name\":\"Maura Ruiz-Tagle estudiante de 6\u00b0 b\u00e1sico destaca en Gimnasia Art\u00edstica \u2728 - Colegio Manquecura Ciudad de los Valles\",\"isPartOf\":{\"@id\":\"https:\/\/www.manquecura.cl\/ciudad-de-los-valles\/#website\"},\"primaryImageOfPage\":{\"@id\":\"https:\/\/www.manquecura.cl\/ciudad-de-los-valles\/noticias\/maura-ruiz-destaca-en-gimnasia-artistica\/#primaryimage\"},\"image\":{\"@id\":\"https:\/\/www.manquecura.cl\/ciudad-de-los-valles\/noticias\/maura-ruiz-destaca-en-gimnasia-artistica\/#primaryimage\"},\"thumbnailUrl\":\"https:\/\/www.manquecura.cl\/ciudad-de-los-valles\/wp-content\/uploads\/sites\/42\/2023\/10\/10.jpg\",\"datePublished\":\"2023-10-11T18:15:11+00:00\",\"breadcrumb\":{\"@id\":\"https:\/\/www.manquecura.cl\/ciudad-de-los-valles\/noticias\/maura-ruiz-destaca-en-gimnasia-artistica\/#breadcrumb\"},\"inLanguage\":\"es\",\"potentialAction\":[{\"@type\":\"ReadAction\",\"target\":[\"https:\/\/www.manquecura.cl\/ciudad-de-los-valles\/noticias\/maura-ruiz-destaca-en-gimnasia-artistica\/\"]}]},{\"@type\":\"ImageObject\",\"inLanguage\":\"es\",\"@id\":\"https:\/\/www.manquecura.cl\/ciudad-de-los-valles\/noticias\/maura-ruiz-destaca-en-gimnasia-artistica\/#primaryimage\",\"url\":\"https:\/\/www.manquecura.cl\/ciudad-de-los-valles\/wp-content\/uploads\/sites\/42\/2023\/10\/10.jpg\",\"contentUrl\":\"https:\/\/www.manquecura.cl\/ciudad-de-los-valles\/wp-content\/uploads\/sites\/42\/2023\/10\/10.jpg\",\"width\":836,\"height\":523},{\"@type\":\"BreadcrumbList\",\"@id\":\"https:\/\/www.manquecura.cl\/ciudad-de-los-valles\/noticias\/maura-ruiz-destaca-en-gimnasia-artistica\/#breadcrumb\",\"itemListElement\":[{\"@type\":\"ListItem\",\"position\":1,\"name\":\"Home\",\"item\":\"https:\/\/www.manquecura.cl\/ciudad-de-los-valles\/\"},{\"@type\":\"ListItem\",\"position\":2,\"name\":\"Maura Ruiz-Tagle estudiante de 6\u00b0 b\u00e1sico destaca en Gimnasia Art\u00edstica \u2728\"}]},{\"@type\":\"WebSite\",\"@id\":\"https:\/\/www.manquecura.cl\/ciudad-de-los-valles\/#website\",\"url\":\"https:\/\/www.manquecura.cl\/ciudad-de-los-valles\/\",\"name\":\"Colegio Manquecura Ciudad de los Valles\",\"description\":\"Cognita Schools\",\"publisher\":{\"@id\":\"https:\/\/www.manquecura.cl\/ciudad-de-los-valles\/#organization\"},\"potentialAction\":[{\"@type\":\"SearchAction\",\"target\":{\"@type\":\"EntryPoint\",\"urlTemplate\":\"https:\/\/www.manquecura.cl\/ciudad-de-los-valles\/?s={search_term_string}\"},\"query-input\":{\"@type\":\"PropertyValueSpecification\",\"valueRequired\":true,\"valueName\":\"search_term_string\"}}],\"inLanguage\":\"es\"},{\"@type\":\"Organization\",\"@id\":\"https:\/\/www.manquecura.cl\/ciudad-de-los-valles\/#organization\",\"name\":\"Colegio Manquecura Ciudad de los Valles\",\"url\":\"https:\/\/www.manquecura.cl\/ciudad-de-los-valles\/\",\"logo\":{\"@type\":\"ImageObject\",\"inLanguage\":\"es\",\"@id\":\"https:\/\/www.manquecura.cl\/ciudad-de-los-valles\/#\/schema\/logo\/image\/\",\"url\":\"https:\/\/www.manquecura.cl\/ciudad-de-los-valles\/wp-content\/uploads\/sites\/42\/2025\/02\/logo_Manquecura_Ciudad-de-Los-Valles_horizontal_color.jpg\",\"contentUrl\":\"https:\/\/www.manquecura.cl\/ciudad-de-los-valles\/wp-content\/uploads\/sites\/42\/2025\/02\/logo_Manquecura_Ciudad-de-Los-Valles_horizontal_color.jpg\",\"width\":599,\"height\":179,\"caption\":\"Colegio Manquecura Ciudad de los Valles\"},\"image\":{\"@id\":\"https:\/\/www.manquecura.cl\/ciudad-de-los-valles\/#\/schema\/logo\/image\/\"},\"sameAs\":[\"http:\/\/www.facebook.com\/ColegiosManquecura\",\"https:\/\/www.manquecura.cl\/ciudad-de-los-valles\/\",\"http:\/\/www.youtube.com\/c\/CognitaChile\"]},{\"@type\":\"Person\",\"@id\":\"https:\/\/www.manquecura.cl\/ciudad-de-los-valles\/#\/schema\/person\/0debeea140e397b5d490ee7e553255d8\",\"name\":\"jorgedelcampo\",\"image\":{\"@type\":\"ImageObject\",\"inLanguage\":\"es\",\"@id\":\"https:\/\/www.manquecura.cl\/ciudad-de-los-valles\/#\/schema\/person\/image\/\",\"url\":\"https:\/\/secure.gravatar.com\/avatar\/4a315f521213b2dc91dbda9bf799f711c8a98ab6f5606ec42cf5b33d1e762e8a?s=96&d=mm&r=g\",\"contentUrl\":\"https:\/\/secure.gravatar.com\/avatar\/4a315f521213b2dc91dbda9bf799f711c8a98ab6f5606ec42cf5b33d1e762e8a?s=96&d=mm&r=g\",\"caption\":\"jorgedelcampo\"}}]}<\/script>\n<!-- \/ Yoast SEO plugin. -->","yoast_head_json":{"title":"Maura Ruiz-Tagle estudiante de 6\u00b0 b\u00e1sico destaca en Gimnasia Art\u00edstica \u2728 - Colegio Manquecura Ciudad de los Valles","robots":{"index":"index","follow":"follow","max-snippet":"max-snippet:-1","max-image-preview":"max-image-preview:large","max-video-preview":"max-video-preview:-1"},"canonical":"https:\/\/www.manquecura.cl\/ciudad-de-los-valles\/noticias\/maura-ruiz-destaca-en-gimnasia-artistica\/","og_locale":"es_ES","og_type":"article","og_title":"Maura Ruiz-Tagle estudiante de 6\u00b0 b\u00e1sico destaca en Gimnasia Art\u00edstica \u2728 - Colegio Manquecura Ciudad de los Valles","og_description":"Felicitamos Maura Ruiz- Tagle, estudiante de 6\u00b0 b\u00e1sico, por su destacada participaci\u00f3n en la Copa Espa\u00f1a, campeonato de gimnasia art\u00edstica organizado por el Club Espa\u00f1ol. Maura obtuvo tercer lugar en Viga y tercer lugar en suelo, y cuarto lugar en All Around (promedio de suelo, viga, barra y salto). Tambi\u00e9n ha participado en otras competencias [&hellip;]","og_url":"https:\/\/www.manquecura.cl\/ciudad-de-los-valles\/noticias\/maura-ruiz-destaca-en-gimnasia-artistica\/","og_site_name":"Colegio Manquecura Ciudad de los Valles","article_publisher":"http:\/\/www.facebook.com\/ColegiosManquecura","article_published_time":"2023-10-11T18:15:11+00:00","og_image":[{"width":836,"height":523,"url":"https:\/\/www.manquecura.cl\/ciudad-de-los-valles\/wp-content\/uploads\/sites\/42\/2023\/10\/10.jpg","type":"image\/jpeg"}],"author":"jorgedelcampo","twitter_card":"summary_large_image","twitter_misc":{"Escrito por":"jorgedelcampo","Tiempo de lectura":"1 minuto"},"schema":{"@context":"https:\/\/schema.org","@graph":[{"@type":"Article","@id":"https:\/\/www.manquecura.cl\/ciudad-de-los-valles\/noticias\/maura-ruiz-destaca-en-gimnasia-artistica\/#article","isPartOf":{"@id":"https:\/\/www.manquecura.cl\/ciudad-de-los-valles\/noticias\/maura-ruiz-destaca-en-gimnasia-artistica\/"},"author":{"name":"jorgedelcampo","@id":"https:\/\/www.manquecura.cl\/ciudad-de-los-valles\/#\/schema\/person\/0debeea140e397b5d490ee7e553255d8"},"headline":"Maura Ruiz-Tagle estudiante de 6\u00b0 b\u00e1sico destaca en Gimnasia Art\u00edstica \u2728","datePublished":"2023-10-11T18:15:11+00:00","mainEntityOfPage":{"@id":"https:\/\/www.manquecura.cl\/ciudad-de-los-valles\/noticias\/maura-ruiz-destaca-en-gimnasia-artistica\/"},"wordCount":307,"commentCount":0,"publisher":{"@id":"https:\/\/www.manquecura.cl\/ciudad-de-los-valles\/#organization"},"image":{"@id":"https:\/\/www.manquecura.cl\/ciudad-de-los-valles\/noticias\/maura-ruiz-destaca-en-gimnasia-artistica\/#primaryimage"},"thumbnailUrl":"https:\/\/www.manquecura.cl\/ciudad-de-los-valles\/wp-content\/uploads\/sites\/42\/2023\/10\/10.jpg","articleSection":["Vida Escolar"],"inLanguage":"es","potentialAction":[{"@type":"CommentAction","name":"Comment","target":["https:\/\/www.manquecura.cl\/ciudad-de-los-valles\/noticias\/maura-ruiz-destaca-en-gimnasia-artistica\/#respond"]}]},{"@type":"WebPage","@id":"https:\/\/www.manquecura.cl\/ciudad-de-los-valles\/noticias\/maura-ruiz-destaca-en-gimnasia-artistica\/","url":"https:\/\/www.manquecura.cl\/ciudad-de-los-valles\/noticias\/maura-ruiz-destaca-en-gimnasia-artistica\/","name":"Maura Ruiz-Tagle estudiante de 6\u00b0 b\u00e1sico destaca en Gimnasia Art\u00edstica \u2728 - Colegio Manquecura Ciudad de los Valles","isPartOf":{"@id":"https:\/\/www.manquecura.cl\/ciudad-de-los-valles\/#website"},"primaryImageOfPage":{"@id":"https:\/\/www.manquecura.cl\/ciudad-de-los-valles\/noticias\/maura-ruiz-destaca-en-gimnasia-artistica\/#primaryimage"},"image":{"@id":"https:\/\/www.manquecura.cl\/ciudad-de-los-valles\/noticias\/maura-ruiz-destaca-en-gimnasia-artistica\/#primaryimage"},"thumbnailUrl":"https:\/\/www.manquecura.cl\/ciudad-de-los-valles\/wp-content\/uploads\/sites\/42\/2023\/10\/10.jpg","datePublished":"2023-10-11T18:15:11+00:00","breadcrumb":{"@id":"https:\/\/www.manquecura.cl\/ciudad-de-los-valles\/noticias\/maura-ruiz-destaca-en-gimnasia-artistica\/#breadcrumb"},"inLanguage":"es","potentialAction":[{"@type":"ReadAction","target":["https:\/\/www.manquecura.cl\/ciudad-de-los-valles\/noticias\/maura-ruiz-destaca-en-gimnasia-artistica\/"]}]},{"@type":"ImageObject","inLanguage":"es","@id":"https:\/\/www.manquecura.cl\/ciudad-de-los-valles\/noticias\/maura-ruiz-destaca-en-gimnasia-artistica\/#primaryimage","url":"https:\/\/www.manquecura.cl\/ciudad-de-los-valles\/wp-content\/uploads\/sites\/42\/2023\/10\/10.jpg","contentUrl":"https:\/\/www.manquecura.cl\/ciudad-de-los-valles\/wp-content\/uploads\/sites\/42\/2023\/10\/10.jpg","width":836,"height":523},{"@type":"BreadcrumbList","@id":"https:\/\/www.manquecura.cl\/ciudad-de-los-valles\/noticias\/maura-ruiz-destaca-en-gimnasia-artistica\/#breadcrumb","itemListElement":[{"@type":"ListItem","position":1,"name":"Home","item":"https:\/\/www.manquecura.cl\/ciudad-de-los-valles\/"},{"@type":"ListItem","position":2,"name":"Maura Ruiz-Tagle estudiante de 6\u00b0 b\u00e1sico destaca en Gimnasia Art\u00edstica \u2728"}]},{"@type":"WebSite","@id":"https:\/\/www.manquecura.cl\/ciudad-de-los-valles\/#website","url":"https:\/\/www.manquecura.cl\/ciudad-de-los-valles\/","name":"Colegio Manquecura Ciudad de los Valles","description":"Cognita Schools","publisher":{"@id":"https:\/\/www.manquecura.cl\/ciudad-de-los-valles\/#organization"},"potentialAction":[{"@type":"SearchAction","target":{"@type":"EntryPoint","urlTemplate":"https:\/\/www.manquecura.cl\/ciudad-de-los-valles\/?s={search_term_string}"},"query-input":{"@type":"PropertyValueSpecification","valueRequired":true,"valueName":"search_term_string"}}],"inLanguage":"es"},{"@type":"Organization","@id":"https:\/\/www.manquecura.cl\/ciudad-de-los-valles\/#organization","name":"Colegio Manquecura Ciudad de los Valles","url":"https:\/\/www.manquecura.cl\/ciudad-de-los-valles\/","logo":{"@type":"ImageObject","inLanguage":"es","@id":"https:\/\/www.manquecura.cl\/ciudad-de-los-valles\/#\/schema\/logo\/image\/","url":"https:\/\/www.manquecura.cl\/ciudad-de-los-valles\/wp-content\/uploads\/sites\/42\/2025\/02\/logo_Manquecura_Ciudad-de-Los-Valles_horizontal_color.jpg","contentUrl":"https:\/\/www.manquecura.cl\/ciudad-de-los-valles\/wp-content\/uploads\/sites\/42\/2025\/02\/logo_Manquecura_Ciudad-de-Los-Valles_horizontal_color.jpg","width":599,"height":179,"caption":"Colegio Manquecura Ciudad de los Valles"},"image":{"@id":"https:\/\/www.manquecura.cl\/ciudad-de-los-valles\/#\/schema\/logo\/image\/"},"sameAs":["http:\/\/www.facebook.com\/ColegiosManquecura","https:\/\/www.manquecura.cl\/ciudad-de-los-valles\/","http:\/\/www.youtube.com\/c\/CognitaChile"]},{"@type":"Person","@id":"https:\/\/www.manquecura.cl\/ciudad-de-los-valles\/#\/schema\/person\/0debeea140e397b5d490ee7e553255d8","name":"jorgedelcampo","image":{"@type":"ImageObject","inLanguage":"es","@id":"https:\/\/www.manquecura.cl\/ciudad-de-los-valles\/#\/schema\/person\/image\/","url":"https:\/\/secure.gravatar.com\/avatar\/4a315f521213b2dc91dbda9bf799f711c8a98ab6f5606ec42cf5b33d1e762e8a?s=96&d=mm&r=g","contentUrl":"https:\/\/secure.gravatar.com\/avatar\/4a315f521213b2dc91dbda9bf799f711c8a98ab6f5606ec42cf5b33d1e762e8a?s=96&d=mm&r=g","caption":"jorgedelcampo"}}]}},"jetpack_featured_media_url":"https:\/\/www.manquecura.cl\/ciudad-de-los-valles\/wp-content\/uploads\/sites\/42\/2023\/10\/10.jpg","previous_post_ID":15672,"previous_post_title":"Fundaci\u00f3n Emilia realiza charla sobre educaci\u00f3n vial\ud83d\udeb8\ud83d\ude97\u2728","previous_post_excerpt":"Nuestros estudiantes de los electivos de educaci\u00f3n media, junto a los integrantes de la Brigada Road Safety, participaron de la charla sobre seguridad vial impartida por representantes de la Fundaci\u00f3n Emilia, Javiera Vitar (Psic\u00f3loga Social) y Yuri Bustamante (Soci\u00f3logo). Agradecemos a la Fundaci\u00f3n por la incre\u00edble presentaci\u00f3n, que tuvo la finalidad de generar consciencia en [&hellip;]","previous_post_link":"https:\/\/www.manquecura.cl\/ciudad-de-los-valles\/noticias\/fundacion-emilia-realiza-charla-sobre-educacion-vial\/","previous_post_class":["post-15672","post","type-post","status-publish","format-standard","has-post-thumbnail","hentry","category-vida-escolar"],"next_post_ID":15689,"next_post_title":"Torneo del taller y academia de atletismo en Colegio Campanario\u2728","next_post_excerpt":"Los alumnos del taller y academia de atletismo a cargo de Miss Poly S\u00e1nchez y el profesor Leonardo Salgado, participaron en el torneo de Colegio Campanario. Fue una jornada positiva para los estudiantes, instancia en que adem\u00e1s de poner a prueba su resistencia f\u00edsica, ganaron medallas en las distintas competencias. Maximiliano Ibaceta obtuvo 3\u00b0 lugar [&hellip;]","next_post_link":"https:\/\/www.manquecura.cl\/ciudad-de-los-valles\/noticias\/torneo-de-colegio-campanario\/","next_post_class":["post-15689","post","type-post","status-publish","format-standard","has-post-thumbnail","hentry","category-vida-escolar"],"jetpack_sharing_enabled":true,"_links":{"self":[{"href":"https:\/\/www.manquecura.cl\/ciudad-de-los-valles\/wp-json\/wp\/v2\/posts\/15686","targetHints":{"allow":["GET"]}}],"collection":[{"href":"https:\/\/www.manquecura.cl\/ciudad-de-los-valles\/wp-json\/wp\/v2\/posts"}],"about":[{"href":"https:\/\/www.manquecura.cl\/ciudad-de-los-valles\/wp-json\/wp\/v2\/types\/post"}],"author":[{"embeddable":true,"href":"https:\/\/www.manquecura.cl\/ciudad-de-los-valles\/wp-json\/wp\/v2\/users\/14"}],"replies":[{"embeddable":true,"href":"https:\/\/www.manquecura.cl\/ciudad-de-los-valles\/wp-json\/wp\/v2\/comments?post=15686"}],"version-history":[{"count":0,"href":"https:\/\/www.manquecura.cl\/ciudad-de-los-valles\/wp-json\/wp\/v2\/posts\/15686\/revisions"}],"wp:featuredmedia":[{"embeddable":true,"href":"https:\/\/www.manquecura.cl\/ciudad-de-los-valles\/wp-json\/wp\/v2\/media\/15681"}],"wp:attachment":[{"href":"https:\/\/www.manquecura.cl\/ciudad-de-los-valles\/wp-json\/wp\/v2\/media?parent=15686"}],"wp:term":[{"taxonomy":"category","embeddable":true,"href":"https:\/\/www.manquecura.cl\/ciudad-de-los-valles\/wp-json\/wp\/v2\/categories?post=15686"},{"taxonomy":"post_tag","embeddable":true,"href":"https:\/\/www.manquecura.cl\/ciudad-de-los-valles\/wp-json\/wp\/v2\/tags?post=15686"}],"curies":[{"name":"wp","href":"https:\/\/api.w.org\/{rel}","templated":true}]}}