{"id":12733,"date":"2022-08-22T11:58:19","date_gmt":"2022-08-22T15:58:19","guid":{"rendered":"https:\/\/www.manquecura.cl\/ciudad-de-los-valles\/?p=12733"},"modified":"2022-08-22T11:58:19","modified_gmt":"2022-08-22T15:58:19","slug":"estudiantes-de-i-a-iv-medio-obtuvieron-1-lugar-en-torneo-de-public-speaking","status":"publish","type":"post","link":"https:\/\/www.manquecura.cl\/ciudad-de-los-valles\/noticias\/estudiantes-de-i-a-iv-medio-obtuvieron-1-lugar-en-torneo-de-public-speaking\/","title":{"rendered":"\u2728Estudiantes de I\u00b0 a IV\u00b0 medio obtuvieron 1\u00b0 lugar en torneo de \u201cPublic Speaking&#8221;\ud83c\udfc6\ud83e\udd47\ud83d\udc4f\u2728"},"content":{"rendered":"<p>El pasado 18 de agosto los alumnos de la ense\u00f1anza media de nuestro colegio participaron en el torneo de <strong>\u201cPublic Speaking\u201d<\/strong> organizado por la red de docentes de \u00d1u\u00f1oa, actividad dirigida por el PIAP (Programa Ingl\u00e9s Abre Puertas) del Mineduc. Nuestro colegio fue representado por alumnos de los cuatro niveles de Ense\u00f1anza Media.<\/p>\n<ul>\n<li>En I\u00b0 medio: M\u00e1ximo Paredes, Mar\u00eda Ignacia Olivares, Mia Videla y Montserrat Rom\u00e1n.<\/li>\n<li>En II\u00b0 medio: Florencia Subiabre, Kiara Soto, Vicente Soto y Gabriel Rodr\u00edguez.<\/li>\n<li>En III\u00b0 medio: Macarena D\u00edaz, Antonia \u00c1valos, Colomba Hern\u00e1ndez y Josefa V\u00e9liz.<\/li>\n<li>En IV\u00b0 medio: Josefina Contreras, Manuel Soto, Marcela V\u00e1squez y Magdalena Gaete.<\/li>\n<\/ul>\n<p>Fue un encuentro en el cual los alumnos miden y ponen a prueba su nivel de ingl\u00e9s. Los estudiantes fueron preparados por los docentes de ingl\u00e9s, Sr. Alejandro Oliva Ojeda y Miss Makarena Pacheco Belda, quienes los acompa\u00f1aron en la competencia.<\/p>\n<p>Nuestro colegio gan\u00f3 1er lugar en la categor\u00eda de I medio, II medio y IV medio y III\u00b0 medio obtuvo el 2\u00b0 lugar, como resultado de la competencia adjudicamos la copa del certamen.<\/p>\n<p>\u00a1Felicitamos a los alumnos por su esfuerzo y perseverancia y a sus docentes quienes los incentivan a participar y poner a prueba sus habilidades!<\/p>\n<p>[multimedia id=&#8221;1&#8243;]<\/p>\n"},"excerpt":{"rendered":"<p>El pasado 18 de agosto los alumnos de la ense\u00f1anza media de nuestro colegio participaron en el torneo de \u201cPublic Speaking\u201d organizado por la red de docentes de \u00d1u\u00f1oa, actividad dirigida por el PIAP (Programa Ingl\u00e9s Abre Puertas) del Mineduc. Nuestro colegio fue representado por alumnos de los cuatro niveles de Ense\u00f1anza Media. En I\u00b0 [&hellip;]<\/p>\n","protected":false},"author":14,"featured_media":12776,"comment_status":"open","ping_status":"open","sticky":false,"template":"","format":"standard","meta":{"_acf_changed":false,"content-type":"","_jetpack_memberships_contains_paid_content":false,"footnotes":""},"categories":[1],"tags":[],"class_list":["post-12733","post","type-post","status-publish","format-standard","has-post-thumbnail","hentry","category-vida-escolar"],"acf":[],"yoast_head":"<!-- This site is optimized with the Yoast SEO plugin v27.1.1 - https:\/\/yoast.com\/product\/yoast-seo-wordpress\/ -->\n<title>\u2728Estudiantes de I\u00b0 a IV\u00b0 medio obtuvieron 1\u00b0 lugar en torneo de \u201cPublic Speaking&quot;\ud83c\udfc6\ud83e\udd47\ud83d\udc4f\u2728 - Colegio Manquecura Ciudad de los Valles<\/title>\n<meta name=\"robots\" content=\"index, follow, max-snippet:-1, max-image-preview:large, max-video-preview:-1\" \/>\n<link rel=\"canonical\" href=\"https:\/\/www.manquecura.cl\/ciudad-de-los-valles\/noticias\/estudiantes-de-i-a-iv-medio-obtuvieron-1-lugar-en-torneo-de-public-speaking\/\" \/>\n<meta property=\"og:locale\" content=\"es_ES\" \/>\n<meta property=\"og:type\" content=\"article\" \/>\n<meta property=\"og:title\" content=\"\u2728Estudiantes de I\u00b0 a IV\u00b0 medio obtuvieron 1\u00b0 lugar en torneo de \u201cPublic Speaking&quot;\ud83c\udfc6\ud83e\udd47\ud83d\udc4f\u2728 - Colegio Manquecura Ciudad de los Valles\" \/>\n<meta property=\"og:description\" content=\"El pasado 18 de agosto los alumnos de la ense\u00f1anza media de nuestro colegio participaron en el torneo de \u201cPublic Speaking\u201d organizado por la red de docentes de \u00d1u\u00f1oa, actividad dirigida por el PIAP (Programa Ingl\u00e9s Abre Puertas) del Mineduc. Nuestro colegio fue representado por alumnos de los cuatro niveles de Ense\u00f1anza Media. En I\u00b0 [&hellip;]\" \/>\n<meta property=\"og:url\" content=\"https:\/\/www.manquecura.cl\/ciudad-de-los-valles\/noticias\/estudiantes-de-i-a-iv-medio-obtuvieron-1-lugar-en-torneo-de-public-speaking\/\" \/>\n<meta property=\"og:site_name\" content=\"Colegio Manquecura Ciudad de los Valles\" \/>\n<meta property=\"article:publisher\" content=\"http:\/\/www.facebook.com\/ColegiosManquecura\" \/>\n<meta property=\"article:published_time\" content=\"2022-08-22T15:58:19+00:00\" \/>\n<meta property=\"og:image\" content=\"https:\/\/www.manquecura.cl\/ciudad-de-los-valles\/wp-content\/uploads\/sites\/42\/2022\/08\/1-8.jpg\" \/>\n\t<meta property=\"og:image:width\" content=\"836\" \/>\n\t<meta property=\"og:image:height\" content=\"523\" \/>\n\t<meta property=\"og:image:type\" content=\"image\/jpeg\" \/>\n<meta name=\"author\" content=\"jorgedelcampo\" \/>\n<meta name=\"twitter:card\" content=\"summary_large_image\" \/>\n<meta name=\"twitter:label1\" content=\"Escrito por\" \/>\n\t<meta name=\"twitter:data1\" content=\"jorgedelcampo\" \/>\n\t<meta name=\"twitter:label2\" content=\"Tiempo de lectura\" \/>\n\t<meta name=\"twitter:data2\" content=\"1 minuto\" \/>\n<script type=\"application\/ld+json\" class=\"yoast-schema-graph\">{\"@context\":\"https:\/\/schema.org\",\"@graph\":[{\"@type\":\"Article\",\"@id\":\"https:\/\/www.manquecura.cl\/ciudad-de-los-valles\/noticias\/estudiantes-de-i-a-iv-medio-obtuvieron-1-lugar-en-torneo-de-public-speaking\/#article\",\"isPartOf\":{\"@id\":\"https:\/\/www.manquecura.cl\/ciudad-de-los-valles\/noticias\/estudiantes-de-i-a-iv-medio-obtuvieron-1-lugar-en-torneo-de-public-speaking\/\"},\"author\":{\"name\":\"jorgedelcampo\",\"@id\":\"https:\/\/www.manquecura.cl\/ciudad-de-los-valles\/#\/schema\/person\/0debeea140e397b5d490ee7e553255d8\"},\"headline\":\"\u2728Estudiantes de I\u00b0 a IV\u00b0 medio obtuvieron 1\u00b0 lugar en torneo de \u201cPublic Speaking&#8221;\ud83c\udfc6\ud83e\udd47\ud83d\udc4f\u2728\",\"datePublished\":\"2022-08-22T15:58:19+00:00\",\"mainEntityOfPage\":{\"@id\":\"https:\/\/www.manquecura.cl\/ciudad-de-los-valles\/noticias\/estudiantes-de-i-a-iv-medio-obtuvieron-1-lugar-en-torneo-de-public-speaking\/\"},\"wordCount\":229,\"commentCount\":0,\"publisher\":{\"@id\":\"https:\/\/www.manquecura.cl\/ciudad-de-los-valles\/#organization\"},\"image\":{\"@id\":\"https:\/\/www.manquecura.cl\/ciudad-de-los-valles\/noticias\/estudiantes-de-i-a-iv-medio-obtuvieron-1-lugar-en-torneo-de-public-speaking\/#primaryimage\"},\"thumbnailUrl\":\"https:\/\/www.manquecura.cl\/ciudad-de-los-valles\/wp-content\/uploads\/sites\/42\/2022\/08\/1-8.jpg\",\"articleSection\":[\"Vida Escolar\"],\"inLanguage\":\"es\",\"potentialAction\":[{\"@type\":\"CommentAction\",\"name\":\"Comment\",\"target\":[\"https:\/\/www.manquecura.cl\/ciudad-de-los-valles\/noticias\/estudiantes-de-i-a-iv-medio-obtuvieron-1-lugar-en-torneo-de-public-speaking\/#respond\"]}]},{\"@type\":\"WebPage\",\"@id\":\"https:\/\/www.manquecura.cl\/ciudad-de-los-valles\/noticias\/estudiantes-de-i-a-iv-medio-obtuvieron-1-lugar-en-torneo-de-public-speaking\/\",\"url\":\"https:\/\/www.manquecura.cl\/ciudad-de-los-valles\/noticias\/estudiantes-de-i-a-iv-medio-obtuvieron-1-lugar-en-torneo-de-public-speaking\/\",\"name\":\"\u2728Estudiantes de I\u00b0 a IV\u00b0 medio obtuvieron 1\u00b0 lugar en torneo de \u201cPublic Speaking\\\"\ud83c\udfc6\ud83e\udd47\ud83d\udc4f\u2728 - Colegio Manquecura Ciudad de los Valles\",\"isPartOf\":{\"@id\":\"https:\/\/www.manquecura.cl\/ciudad-de-los-valles\/#website\"},\"primaryImageOfPage\":{\"@id\":\"https:\/\/www.manquecura.cl\/ciudad-de-los-valles\/noticias\/estudiantes-de-i-a-iv-medio-obtuvieron-1-lugar-en-torneo-de-public-speaking\/#primaryimage\"},\"image\":{\"@id\":\"https:\/\/www.manquecura.cl\/ciudad-de-los-valles\/noticias\/estudiantes-de-i-a-iv-medio-obtuvieron-1-lugar-en-torneo-de-public-speaking\/#primaryimage\"},\"thumbnailUrl\":\"https:\/\/www.manquecura.cl\/ciudad-de-los-valles\/wp-content\/uploads\/sites\/42\/2022\/08\/1-8.jpg\",\"datePublished\":\"2022-08-22T15:58:19+00:00\",\"breadcrumb\":{\"@id\":\"https:\/\/www.manquecura.cl\/ciudad-de-los-valles\/noticias\/estudiantes-de-i-a-iv-medio-obtuvieron-1-lugar-en-torneo-de-public-speaking\/#breadcrumb\"},\"inLanguage\":\"es\",\"potentialAction\":[{\"@type\":\"ReadAction\",\"target\":[\"https:\/\/www.manquecura.cl\/ciudad-de-los-valles\/noticias\/estudiantes-de-i-a-iv-medio-obtuvieron-1-lugar-en-torneo-de-public-speaking\/\"]}]},{\"@type\":\"ImageObject\",\"inLanguage\":\"es\",\"@id\":\"https:\/\/www.manquecura.cl\/ciudad-de-los-valles\/noticias\/estudiantes-de-i-a-iv-medio-obtuvieron-1-lugar-en-torneo-de-public-speaking\/#primaryimage\",\"url\":\"https:\/\/www.manquecura.cl\/ciudad-de-los-valles\/wp-content\/uploads\/sites\/42\/2022\/08\/1-8.jpg\",\"contentUrl\":\"https:\/\/www.manquecura.cl\/ciudad-de-los-valles\/wp-content\/uploads\/sites\/42\/2022\/08\/1-8.jpg\",\"width\":836,\"height\":523},{\"@type\":\"BreadcrumbList\",\"@id\":\"https:\/\/www.manquecura.cl\/ciudad-de-los-valles\/noticias\/estudiantes-de-i-a-iv-medio-obtuvieron-1-lugar-en-torneo-de-public-speaking\/#breadcrumb\",\"itemListElement\":[{\"@type\":\"ListItem\",\"position\":1,\"name\":\"Home\",\"item\":\"https:\/\/www.manquecura.cl\/ciudad-de-los-valles\/\"},{\"@type\":\"ListItem\",\"position\":2,\"name\":\"\u2728Estudiantes de I\u00b0 a IV\u00b0 medio obtuvieron 1\u00b0 lugar en torneo de \u201cPublic Speaking&#8221;\ud83c\udfc6\ud83e\udd47\ud83d\udc4f\u2728\"}]},{\"@type\":\"WebSite\",\"@id\":\"https:\/\/www.manquecura.cl\/ciudad-de-los-valles\/#website\",\"url\":\"https:\/\/www.manquecura.cl\/ciudad-de-los-valles\/\",\"name\":\"Colegio Manquecura Ciudad de los Valles\",\"description\":\"Cognita Schools\",\"publisher\":{\"@id\":\"https:\/\/www.manquecura.cl\/ciudad-de-los-valles\/#organization\"},\"potentialAction\":[{\"@type\":\"SearchAction\",\"target\":{\"@type\":\"EntryPoint\",\"urlTemplate\":\"https:\/\/www.manquecura.cl\/ciudad-de-los-valles\/?s={search_term_string}\"},\"query-input\":{\"@type\":\"PropertyValueSpecification\",\"valueRequired\":true,\"valueName\":\"search_term_string\"}}],\"inLanguage\":\"es\"},{\"@type\":\"Organization\",\"@id\":\"https:\/\/www.manquecura.cl\/ciudad-de-los-valles\/#organization\",\"name\":\"Colegio Manquecura Ciudad de los Valles\",\"url\":\"https:\/\/www.manquecura.cl\/ciudad-de-los-valles\/\",\"logo\":{\"@type\":\"ImageObject\",\"inLanguage\":\"es\",\"@id\":\"https:\/\/www.manquecura.cl\/ciudad-de-los-valles\/#\/schema\/logo\/image\/\",\"url\":\"https:\/\/www.manquecura.cl\/ciudad-de-los-valles\/wp-content\/uploads\/sites\/42\/2025\/02\/logo_Manquecura_Ciudad-de-Los-Valles_horizontal_color.jpg\",\"contentUrl\":\"https:\/\/www.manquecura.cl\/ciudad-de-los-valles\/wp-content\/uploads\/sites\/42\/2025\/02\/logo_Manquecura_Ciudad-de-Los-Valles_horizontal_color.jpg\",\"width\":599,\"height\":179,\"caption\":\"Colegio Manquecura Ciudad de los Valles\"},\"image\":{\"@id\":\"https:\/\/www.manquecura.cl\/ciudad-de-los-valles\/#\/schema\/logo\/image\/\"},\"sameAs\":[\"http:\/\/www.facebook.com\/ColegiosManquecura\",\"https:\/\/www.manquecura.cl\/ciudad-de-los-valles\/\",\"http:\/\/www.youtube.com\/c\/CognitaChile\"]},{\"@type\":\"Person\",\"@id\":\"https:\/\/www.manquecura.cl\/ciudad-de-los-valles\/#\/schema\/person\/0debeea140e397b5d490ee7e553255d8\",\"name\":\"jorgedelcampo\",\"image\":{\"@type\":\"ImageObject\",\"inLanguage\":\"es\",\"@id\":\"https:\/\/www.manquecura.cl\/ciudad-de-los-valles\/#\/schema\/person\/image\/\",\"url\":\"https:\/\/secure.gravatar.com\/avatar\/4a315f521213b2dc91dbda9bf799f711c8a98ab6f5606ec42cf5b33d1e762e8a?s=96&d=mm&r=g\",\"contentUrl\":\"https:\/\/secure.gravatar.com\/avatar\/4a315f521213b2dc91dbda9bf799f711c8a98ab6f5606ec42cf5b33d1e762e8a?s=96&d=mm&r=g\",\"caption\":\"jorgedelcampo\"}}]}<\/script>\n<!-- \/ Yoast SEO plugin. -->","yoast_head_json":{"title":"\u2728Estudiantes de I\u00b0 a IV\u00b0 medio obtuvieron 1\u00b0 lugar en torneo de \u201cPublic Speaking\"\ud83c\udfc6\ud83e\udd47\ud83d\udc4f\u2728 - Colegio Manquecura Ciudad de los Valles","robots":{"index":"index","follow":"follow","max-snippet":"max-snippet:-1","max-image-preview":"max-image-preview:large","max-video-preview":"max-video-preview:-1"},"canonical":"https:\/\/www.manquecura.cl\/ciudad-de-los-valles\/noticias\/estudiantes-de-i-a-iv-medio-obtuvieron-1-lugar-en-torneo-de-public-speaking\/","og_locale":"es_ES","og_type":"article","og_title":"\u2728Estudiantes de I\u00b0 a IV\u00b0 medio obtuvieron 1\u00b0 lugar en torneo de \u201cPublic Speaking\"\ud83c\udfc6\ud83e\udd47\ud83d\udc4f\u2728 - Colegio Manquecura Ciudad de los Valles","og_description":"El pasado 18 de agosto los alumnos de la ense\u00f1anza media de nuestro colegio participaron en el torneo de \u201cPublic Speaking\u201d organizado por la red de docentes de \u00d1u\u00f1oa, actividad dirigida por el PIAP (Programa Ingl\u00e9s Abre Puertas) del Mineduc. Nuestro colegio fue representado por alumnos de los cuatro niveles de Ense\u00f1anza Media. En I\u00b0 [&hellip;]","og_url":"https:\/\/www.manquecura.cl\/ciudad-de-los-valles\/noticias\/estudiantes-de-i-a-iv-medio-obtuvieron-1-lugar-en-torneo-de-public-speaking\/","og_site_name":"Colegio Manquecura Ciudad de los Valles","article_publisher":"http:\/\/www.facebook.com\/ColegiosManquecura","article_published_time":"2022-08-22T15:58:19+00:00","og_image":[{"width":836,"height":523,"url":"https:\/\/www.manquecura.cl\/ciudad-de-los-valles\/wp-content\/uploads\/sites\/42\/2022\/08\/1-8.jpg","type":"image\/jpeg"}],"author":"jorgedelcampo","twitter_card":"summary_large_image","twitter_misc":{"Escrito por":"jorgedelcampo","Tiempo de lectura":"1 minuto"},"schema":{"@context":"https:\/\/schema.org","@graph":[{"@type":"Article","@id":"https:\/\/www.manquecura.cl\/ciudad-de-los-valles\/noticias\/estudiantes-de-i-a-iv-medio-obtuvieron-1-lugar-en-torneo-de-public-speaking\/#article","isPartOf":{"@id":"https:\/\/www.manquecura.cl\/ciudad-de-los-valles\/noticias\/estudiantes-de-i-a-iv-medio-obtuvieron-1-lugar-en-torneo-de-public-speaking\/"},"author":{"name":"jorgedelcampo","@id":"https:\/\/www.manquecura.cl\/ciudad-de-los-valles\/#\/schema\/person\/0debeea140e397b5d490ee7e553255d8"},"headline":"\u2728Estudiantes de I\u00b0 a IV\u00b0 medio obtuvieron 1\u00b0 lugar en torneo de \u201cPublic Speaking&#8221;\ud83c\udfc6\ud83e\udd47\ud83d\udc4f\u2728","datePublished":"2022-08-22T15:58:19+00:00","mainEntityOfPage":{"@id":"https:\/\/www.manquecura.cl\/ciudad-de-los-valles\/noticias\/estudiantes-de-i-a-iv-medio-obtuvieron-1-lugar-en-torneo-de-public-speaking\/"},"wordCount":229,"commentCount":0,"publisher":{"@id":"https:\/\/www.manquecura.cl\/ciudad-de-los-valles\/#organization"},"image":{"@id":"https:\/\/www.manquecura.cl\/ciudad-de-los-valles\/noticias\/estudiantes-de-i-a-iv-medio-obtuvieron-1-lugar-en-torneo-de-public-speaking\/#primaryimage"},"thumbnailUrl":"https:\/\/www.manquecura.cl\/ciudad-de-los-valles\/wp-content\/uploads\/sites\/42\/2022\/08\/1-8.jpg","articleSection":["Vida Escolar"],"inLanguage":"es","potentialAction":[{"@type":"CommentAction","name":"Comment","target":["https:\/\/www.manquecura.cl\/ciudad-de-los-valles\/noticias\/estudiantes-de-i-a-iv-medio-obtuvieron-1-lugar-en-torneo-de-public-speaking\/#respond"]}]},{"@type":"WebPage","@id":"https:\/\/www.manquecura.cl\/ciudad-de-los-valles\/noticias\/estudiantes-de-i-a-iv-medio-obtuvieron-1-lugar-en-torneo-de-public-speaking\/","url":"https:\/\/www.manquecura.cl\/ciudad-de-los-valles\/noticias\/estudiantes-de-i-a-iv-medio-obtuvieron-1-lugar-en-torneo-de-public-speaking\/","name":"\u2728Estudiantes de I\u00b0 a IV\u00b0 medio obtuvieron 1\u00b0 lugar en torneo de \u201cPublic Speaking\"\ud83c\udfc6\ud83e\udd47\ud83d\udc4f\u2728 - Colegio Manquecura Ciudad de los Valles","isPartOf":{"@id":"https:\/\/www.manquecura.cl\/ciudad-de-los-valles\/#website"},"primaryImageOfPage":{"@id":"https:\/\/www.manquecura.cl\/ciudad-de-los-valles\/noticias\/estudiantes-de-i-a-iv-medio-obtuvieron-1-lugar-en-torneo-de-public-speaking\/#primaryimage"},"image":{"@id":"https:\/\/www.manquecura.cl\/ciudad-de-los-valles\/noticias\/estudiantes-de-i-a-iv-medio-obtuvieron-1-lugar-en-torneo-de-public-speaking\/#primaryimage"},"thumbnailUrl":"https:\/\/www.manquecura.cl\/ciudad-de-los-valles\/wp-content\/uploads\/sites\/42\/2022\/08\/1-8.jpg","datePublished":"2022-08-22T15:58:19+00:00","breadcrumb":{"@id":"https:\/\/www.manquecura.cl\/ciudad-de-los-valles\/noticias\/estudiantes-de-i-a-iv-medio-obtuvieron-1-lugar-en-torneo-de-public-speaking\/#breadcrumb"},"inLanguage":"es","potentialAction":[{"@type":"ReadAction","target":["https:\/\/www.manquecura.cl\/ciudad-de-los-valles\/noticias\/estudiantes-de-i-a-iv-medio-obtuvieron-1-lugar-en-torneo-de-public-speaking\/"]}]},{"@type":"ImageObject","inLanguage":"es","@id":"https:\/\/www.manquecura.cl\/ciudad-de-los-valles\/noticias\/estudiantes-de-i-a-iv-medio-obtuvieron-1-lugar-en-torneo-de-public-speaking\/#primaryimage","url":"https:\/\/www.manquecura.cl\/ciudad-de-los-valles\/wp-content\/uploads\/sites\/42\/2022\/08\/1-8.jpg","contentUrl":"https:\/\/www.manquecura.cl\/ciudad-de-los-valles\/wp-content\/uploads\/sites\/42\/2022\/08\/1-8.jpg","width":836,"height":523},{"@type":"BreadcrumbList","@id":"https:\/\/www.manquecura.cl\/ciudad-de-los-valles\/noticias\/estudiantes-de-i-a-iv-medio-obtuvieron-1-lugar-en-torneo-de-public-speaking\/#breadcrumb","itemListElement":[{"@type":"ListItem","position":1,"name":"Home","item":"https:\/\/www.manquecura.cl\/ciudad-de-los-valles\/"},{"@type":"ListItem","position":2,"name":"\u2728Estudiantes de I\u00b0 a IV\u00b0 medio obtuvieron 1\u00b0 lugar en torneo de \u201cPublic Speaking&#8221;\ud83c\udfc6\ud83e\udd47\ud83d\udc4f\u2728"}]},{"@type":"WebSite","@id":"https:\/\/www.manquecura.cl\/ciudad-de-los-valles\/#website","url":"https:\/\/www.manquecura.cl\/ciudad-de-los-valles\/","name":"Colegio Manquecura Ciudad de los Valles","description":"Cognita Schools","publisher":{"@id":"https:\/\/www.manquecura.cl\/ciudad-de-los-valles\/#organization"},"potentialAction":[{"@type":"SearchAction","target":{"@type":"EntryPoint","urlTemplate":"https:\/\/www.manquecura.cl\/ciudad-de-los-valles\/?s={search_term_string}"},"query-input":{"@type":"PropertyValueSpecification","valueRequired":true,"valueName":"search_term_string"}}],"inLanguage":"es"},{"@type":"Organization","@id":"https:\/\/www.manquecura.cl\/ciudad-de-los-valles\/#organization","name":"Colegio Manquecura Ciudad de los Valles","url":"https:\/\/www.manquecura.cl\/ciudad-de-los-valles\/","logo":{"@type":"ImageObject","inLanguage":"es","@id":"https:\/\/www.manquecura.cl\/ciudad-de-los-valles\/#\/schema\/logo\/image\/","url":"https:\/\/www.manquecura.cl\/ciudad-de-los-valles\/wp-content\/uploads\/sites\/42\/2025\/02\/logo_Manquecura_Ciudad-de-Los-Valles_horizontal_color.jpg","contentUrl":"https:\/\/www.manquecura.cl\/ciudad-de-los-valles\/wp-content\/uploads\/sites\/42\/2025\/02\/logo_Manquecura_Ciudad-de-Los-Valles_horizontal_color.jpg","width":599,"height":179,"caption":"Colegio Manquecura Ciudad de los Valles"},"image":{"@id":"https:\/\/www.manquecura.cl\/ciudad-de-los-valles\/#\/schema\/logo\/image\/"},"sameAs":["http:\/\/www.facebook.com\/ColegiosManquecura","https:\/\/www.manquecura.cl\/ciudad-de-los-valles\/","http:\/\/www.youtube.com\/c\/CognitaChile"]},{"@type":"Person","@id":"https:\/\/www.manquecura.cl\/ciudad-de-los-valles\/#\/schema\/person\/0debeea140e397b5d490ee7e553255d8","name":"jorgedelcampo","image":{"@type":"ImageObject","inLanguage":"es","@id":"https:\/\/www.manquecura.cl\/ciudad-de-los-valles\/#\/schema\/person\/image\/","url":"https:\/\/secure.gravatar.com\/avatar\/4a315f521213b2dc91dbda9bf799f711c8a98ab6f5606ec42cf5b33d1e762e8a?s=96&d=mm&r=g","contentUrl":"https:\/\/secure.gravatar.com\/avatar\/4a315f521213b2dc91dbda9bf799f711c8a98ab6f5606ec42cf5b33d1e762e8a?s=96&d=mm&r=g","caption":"jorgedelcampo"}}]}},"jetpack_featured_media_url":"https:\/\/www.manquecura.cl\/ciudad-de-los-valles\/wp-content\/uploads\/sites\/42\/2022\/08\/1-8.jpg","previous_post_ID":12722,"previous_post_title":"Clases de cueca estudiantes y apoderados I\u00b0 a IV\u00b0 medio - inicio jueves 18 de agosto","previous_post_excerpt":"El Campur de Apoderados, les recuerda que este jueves 18 de agosto, inician las clases de cueca que se impartir\u00e1n para estudiantes y apoderados de I\u00b0 a IV\u00b0 medio en los siguientes horarios: &nbsp; D\u00cdA HORA Jueves 18 agosto: 19:00 a 20:00 hrs S\u00e1bado 20 agosto: 10:00 a 11:00 hrs Jueves 25 agosto: 19:00 a [&hellip;]","previous_post_link":"https:\/\/www.manquecura.cl\/ciudad-de-los-valles\/noticias\/clases-de-cueca-estudiantes-y-apoderados-i-a-iv-medio-inicio-jueves-18-de-agosto\/","previous_post_class":["post-12722","post","type-post","status-publish","format-standard","has-post-thumbnail","hentry","category-vida-escolar"],"next_post_ID":12742,"next_post_title":"#SeguimosMejorando: Remodelaci\u00f3n espacios e implementaci\u00f3n parque calistenia\ud83d\udc4f\u2728","next_post_excerpt":"Como parte de las mejoras implementadas, se realiz\u00f3 la remodelaci\u00f3n de los espacios con instalaci\u00f3n de pasto sint\u00e9tico e instalaci\u00f3n del parque de calistenia, que es un sistema de entrenamiento con ejercicios f\u00edsicos que se realizan con el propio peso corporal. Esta implementaci\u00f3n se enmarca en el crecimiento y mejoras del colegio que benefician directamente [&hellip;]","next_post_link":"https:\/\/www.manquecura.cl\/ciudad-de-los-valles\/noticias\/seguimosmejorando-remodelacion-espacios-e-implementacion-parque-calistenia\/","next_post_class":["post-12742","post","type-post","status-publish","format-standard","has-post-thumbnail","hentry","category-vida-escolar"],"jetpack_sharing_enabled":true,"_links":{"self":[{"href":"https:\/\/www.manquecura.cl\/ciudad-de-los-valles\/wp-json\/wp\/v2\/posts\/12733","targetHints":{"allow":["GET"]}}],"collection":[{"href":"https:\/\/www.manquecura.cl\/ciudad-de-los-valles\/wp-json\/wp\/v2\/posts"}],"about":[{"href":"https:\/\/www.manquecura.cl\/ciudad-de-los-valles\/wp-json\/wp\/v2\/types\/post"}],"author":[{"embeddable":true,"href":"https:\/\/www.manquecura.cl\/ciudad-de-los-valles\/wp-json\/wp\/v2\/users\/14"}],"replies":[{"embeddable":true,"href":"https:\/\/www.manquecura.cl\/ciudad-de-los-valles\/wp-json\/wp\/v2\/comments?post=12733"}],"version-history":[{"count":0,"href":"https:\/\/www.manquecura.cl\/ciudad-de-los-valles\/wp-json\/wp\/v2\/posts\/12733\/revisions"}],"wp:featuredmedia":[{"embeddable":true,"href":"https:\/\/www.manquecura.cl\/ciudad-de-los-valles\/wp-json\/wp\/v2\/media\/12776"}],"wp:attachment":[{"href":"https:\/\/www.manquecura.cl\/ciudad-de-los-valles\/wp-json\/wp\/v2\/media?parent=12733"}],"wp:term":[{"taxonomy":"category","embeddable":true,"href":"https:\/\/www.manquecura.cl\/ciudad-de-los-valles\/wp-json\/wp\/v2\/categories?post=12733"},{"taxonomy":"post_tag","embeddable":true,"href":"https:\/\/www.manquecura.cl\/ciudad-de-los-valles\/wp-json\/wp\/v2\/tags?post=12733"}],"curies":[{"name":"wp","href":"https:\/\/api.w.org\/{rel}","templated":true}]}}