{"id":126612,"date":"2025-12-10T10:10:22","date_gmt":"2025-12-10T10:10:22","guid":{"rendered":"https:\/\/www.manquecura.cl\/ciudad-de-los-valles\/?p=126612"},"modified":"2025-12-10T18:41:34","modified_gmt":"2025-12-10T18:41:34","slug":"estudiantes-destacan-a-nivel-nacional-en-concurso-colorearte-2025","status":"publish","type":"post","link":"https:\/\/www.manquecura.cl\/ciudad-de-los-valles\/noticias\/estudiantes-destacan-a-nivel-nacional-en-concurso-colorearte-2025\/","title":{"rendered":"Estudiantes destacan a nivel nacional en concurso Colorearte 2025"},"content":{"rendered":"<p data-start=\"208\" data-end=\"463\">El pasado 26 de noviembre se realiz\u00f3 la ceremonia de premiaci\u00f3n del concurso <strong>Colorearte<\/strong> en la Corporaci\u00f3n Cultural de Las Condes, instancia que reuni\u00f3 a estudiantes y docentes de todo el pa\u00eds en torno a la creaci\u00f3n art\u00edstica y la reflexi\u00f3n medioambiental.<\/p>\n<p data-start=\"465\" data-end=\"778\">Colorearte, reconocido por su car\u00e1cter formativo y su alcance nacional, invita cada a\u00f1o a las comunidades educativas a desarrollar obras colectivas con sentido, vinculadas a tem\u00e1ticas ambientales. En esta edici\u00f3n, el foco estuvo puesto en los humedales como espacios de vida, biodiversidad y protecci\u00f3n ecol\u00f3gica.<\/p>\n<p data-start=\"780\" data-end=\"1140\">En este contexto, nuestro colegio present\u00f3 diversas propuestas art\u00edsticas que destacaron por su profundidad conceptual y calidad est\u00e9tica. Los cursos III\u00ba y IV\u00ba Medio del electivo de arte lograron posicionarse entre los cuatro primeros lugares de su categor\u00eda, obteniendo <strong data-start=\"1044\" data-end=\"1078\">el primer y segundo lugar en Educaci\u00f3n Media<\/strong> con las obras <em data-start=\"1093\" data-end=\"1114\">\u201cVuelo del Humedal\u201d<\/em> y <em data-start=\"1117\" data-end=\"1139\">\u201cL\u00edneas que Habitan\u201d<\/em>.<\/p>\n<p data-start=\"1142\" data-end=\"1531\">El reconocimiento es resultado del compromiso y la creatividad de los y las estudiantes, as\u00ed como del acompa\u00f1amiento de su profesora, <strong data-start=\"1276\" data-end=\"1296\">Miss Sandra Toro<\/strong>, cuyo trabajo formativo ha impulsado el desarrollo art\u00edstico del grupo y su sensibilidad frente al cuidado del entorno. Su gu\u00eda permiti\u00f3 transformar la observaci\u00f3n y la investigaci\u00f3n sobre humedales en piezas visuales de alto impacto.<\/p>\n<p data-start=\"1533\" data-end=\"1756\" data-is-last-node=\"\" data-is-only-node=\"\">Este logro vuelve a destacar el talento de la comunidad escolar y su capacidad para vincular el arte con la conciencia ambiental, aportando nuevas miradas y reflexiones sobre la importancia de proteger nuestros ecosistemas.<\/p>\n<p data-start=\"1533\" data-end=\"1756\" data-is-last-node=\"\" data-is-only-node=\"\"><img loading=\"lazy\" decoding=\"async\" class=\"aligncenter wp-image-126617 size-medium\" src=\"https:\/\/www.manquecura.cl\/ciudad-de-los-valles\/wp-content\/uploads\/sites\/42\/2025\/12\/1000146875_4e0bf1.jpg?w=300\" alt=\"Ganadoras concurso Colorearte \" width=\"300\" height=\"169\" srcset=\"https:\/\/www.manquecura.cl\/ciudad-de-los-valles\/wp-content\/uploads\/sites\/42\/2025\/12\/1000146875_4e0bf1.jpg 2048w, https:\/\/www.manquecura.cl\/ciudad-de-los-valles\/wp-content\/uploads\/sites\/42\/2025\/12\/1000146875_4e0bf1.jpg?resize=300,169 300w, https:\/\/www.manquecura.cl\/ciudad-de-los-valles\/wp-content\/uploads\/sites\/42\/2025\/12\/1000146875_4e0bf1.jpg?resize=768,432 768w, https:\/\/www.manquecura.cl\/ciudad-de-los-valles\/wp-content\/uploads\/sites\/42\/2025\/12\/1000146875_4e0bf1.jpg?resize=1024,576 1024w, https:\/\/www.manquecura.cl\/ciudad-de-los-valles\/wp-content\/uploads\/sites\/42\/2025\/12\/1000146875_4e0bf1.jpg?resize=1536,864 1536w\" sizes=\"auto, (max-width: 300px) 100vw, 300px\" \/><\/p>\n"},"excerpt":{"rendered":"<p>El pasado 26 de noviembre se realiz\u00f3 la ceremonia de premiaci\u00f3n del concurso Colorearte en la Corporaci\u00f3n Cultural de Las Condes, instancia que reuni\u00f3 a estudiantes y docentes de todo el pa\u00eds en torno a la creaci\u00f3n art\u00edstica y la reflexi\u00f3n medioambiental. Colorearte, reconocido por su car\u00e1cter formativo y su alcance nacional, invita cada a\u00f1o [&hellip;]<\/p>\n","protected":false},"author":135,"featured_media":126605,"comment_status":"open","ping_status":"open","sticky":false,"template":"","format":"standard","meta":{"_acf_changed":false,"content-type":"","_jetpack_memberships_contains_paid_content":false,"footnotes":""},"categories":[1],"tags":[],"class_list":["post-126612","post","type-post","status-publish","format-standard","has-post-thumbnail","hentry","category-vida-escolar"],"acf":[],"yoast_head":"<!-- This site is optimized with the Yoast SEO plugin v27.1.1 - https:\/\/yoast.com\/product\/yoast-seo-wordpress\/ -->\n<title>Estudiantes destacan a nivel nacional en concurso Colorearte 2025 - Colegio Manquecura Ciudad de los Valles<\/title>\n<meta name=\"description\" content=\"Estudiantes de III\u00ba y IV\u00ba Medio fueron reconocidos en el Concurso Colorearte con dos obras premiadas en la categor\u00eda Educaci\u00f3n Media, destacando su creatividad y compromiso ambiental en torno a la tem\u00e1tica de los humedales.\" \/>\n<meta name=\"robots\" content=\"index, follow, max-snippet:-1, max-image-preview:large, max-video-preview:-1\" \/>\n<link rel=\"canonical\" href=\"https:\/\/www.manquecura.cl\/ciudad-de-los-valles\/noticias\/estudiantes-destacan-a-nivel-nacional-en-concurso-colorearte-2025\/\" \/>\n<meta property=\"og:locale\" content=\"es_ES\" \/>\n<meta property=\"og:type\" content=\"article\" \/>\n<meta property=\"og:title\" content=\"Estudiantes destacan a nivel nacional en concurso Colorearte 2025 - Colegio Manquecura Ciudad de los Valles\" \/>\n<meta property=\"og:description\" content=\"Estudiantes de III\u00ba y IV\u00ba Medio fueron reconocidos en el Concurso Colorearte con dos obras premiadas en la categor\u00eda Educaci\u00f3n Media, destacando su creatividad y compromiso ambiental en torno a la tem\u00e1tica de los humedales.\" \/>\n<meta property=\"og:url\" content=\"https:\/\/www.manquecura.cl\/ciudad-de-los-valles\/noticias\/estudiantes-destacan-a-nivel-nacional-en-concurso-colorearte-2025\/\" \/>\n<meta property=\"og:site_name\" content=\"Colegio Manquecura Ciudad de los Valles\" \/>\n<meta property=\"article:publisher\" content=\"http:\/\/www.facebook.com\/ColegiosManquecura\" \/>\n<meta property=\"article:published_time\" content=\"2025-12-10T10:10:22+00:00\" \/>\n<meta property=\"article:modified_time\" content=\"2025-12-10T18:41:34+00:00\" \/>\n<meta property=\"og:image\" content=\"https:\/\/www.manquecura.cl\/ciudad-de-los-valles\/wp-content\/uploads\/sites\/42\/2025\/12\/1000146879.jpg\" \/>\n\t<meta property=\"og:image:width\" content=\"2048\" \/>\n\t<meta property=\"og:image:height\" content=\"1152\" \/>\n\t<meta property=\"og:image:type\" content=\"image\/jpeg\" \/>\n<meta name=\"author\" content=\"catalinapena\" \/>\n<meta name=\"twitter:card\" content=\"summary_large_image\" \/>\n<meta name=\"twitter:label1\" content=\"Escrito por\" \/>\n\t<meta name=\"twitter:data1\" content=\"catalinapena\" \/>\n\t<meta name=\"twitter:label2\" content=\"Tiempo de lectura\" \/>\n\t<meta name=\"twitter:data2\" content=\"2 minutos\" \/>\n<script type=\"application\/ld+json\" class=\"yoast-schema-graph\">{\"@context\":\"https:\/\/schema.org\",\"@graph\":[{\"@type\":\"Article\",\"@id\":\"https:\/\/www.manquecura.cl\/ciudad-de-los-valles\/noticias\/estudiantes-destacan-a-nivel-nacional-en-concurso-colorearte-2025\/#article\",\"isPartOf\":{\"@id\":\"https:\/\/www.manquecura.cl\/ciudad-de-los-valles\/noticias\/estudiantes-destacan-a-nivel-nacional-en-concurso-colorearte-2025\/\"},\"author\":{\"name\":\"catalinapena\",\"@id\":\"https:\/\/www.manquecura.cl\/ciudad-de-los-valles\/#\/schema\/person\/169b5a3a94a2c8494648e1aa8c7f2084\"},\"headline\":\"Estudiantes destacan a nivel nacional en concurso Colorearte 2025\",\"datePublished\":\"2025-12-10T10:10:22+00:00\",\"dateModified\":\"2025-12-10T18:41:34+00:00\",\"mainEntityOfPage\":{\"@id\":\"https:\/\/www.manquecura.cl\/ciudad-de-los-valles\/noticias\/estudiantes-destacan-a-nivel-nacional-en-concurso-colorearte-2025\/\"},\"wordCount\":266,\"commentCount\":0,\"publisher\":{\"@id\":\"https:\/\/www.manquecura.cl\/ciudad-de-los-valles\/#organization\"},\"image\":{\"@id\":\"https:\/\/www.manquecura.cl\/ciudad-de-los-valles\/noticias\/estudiantes-destacan-a-nivel-nacional-en-concurso-colorearte-2025\/#primaryimage\"},\"thumbnailUrl\":\"https:\/\/www.manquecura.cl\/ciudad-de-los-valles\/wp-content\/uploads\/sites\/42\/2025\/12\/1000146879.jpg\",\"articleSection\":[\"Vida Escolar\"],\"inLanguage\":\"es\",\"potentialAction\":[{\"@type\":\"CommentAction\",\"name\":\"Comment\",\"target\":[\"https:\/\/www.manquecura.cl\/ciudad-de-los-valles\/noticias\/estudiantes-destacan-a-nivel-nacional-en-concurso-colorearte-2025\/#respond\"]}]},{\"@type\":\"WebPage\",\"@id\":\"https:\/\/www.manquecura.cl\/ciudad-de-los-valles\/noticias\/estudiantes-destacan-a-nivel-nacional-en-concurso-colorearte-2025\/\",\"url\":\"https:\/\/www.manquecura.cl\/ciudad-de-los-valles\/noticias\/estudiantes-destacan-a-nivel-nacional-en-concurso-colorearte-2025\/\",\"name\":\"Estudiantes destacan a nivel nacional en concurso Colorearte 2025 - Colegio Manquecura Ciudad de los Valles\",\"isPartOf\":{\"@id\":\"https:\/\/www.manquecura.cl\/ciudad-de-los-valles\/#website\"},\"primaryImageOfPage\":{\"@id\":\"https:\/\/www.manquecura.cl\/ciudad-de-los-valles\/noticias\/estudiantes-destacan-a-nivel-nacional-en-concurso-colorearte-2025\/#primaryimage\"},\"image\":{\"@id\":\"https:\/\/www.manquecura.cl\/ciudad-de-los-valles\/noticias\/estudiantes-destacan-a-nivel-nacional-en-concurso-colorearte-2025\/#primaryimage\"},\"thumbnailUrl\":\"https:\/\/www.manquecura.cl\/ciudad-de-los-valles\/wp-content\/uploads\/sites\/42\/2025\/12\/1000146879.jpg\",\"datePublished\":\"2025-12-10T10:10:22+00:00\",\"dateModified\":\"2025-12-10T18:41:34+00:00\",\"description\":\"Estudiantes de III\u00ba y IV\u00ba Medio fueron reconocidos en el Concurso Colorearte con dos obras premiadas en la categor\u00eda Educaci\u00f3n Media, destacando su creatividad y compromiso ambiental en torno a la tem\u00e1tica de los humedales.\",\"breadcrumb\":{\"@id\":\"https:\/\/www.manquecura.cl\/ciudad-de-los-valles\/noticias\/estudiantes-destacan-a-nivel-nacional-en-concurso-colorearte-2025\/#breadcrumb\"},\"inLanguage\":\"es\",\"potentialAction\":[{\"@type\":\"ReadAction\",\"target\":[\"https:\/\/www.manquecura.cl\/ciudad-de-los-valles\/noticias\/estudiantes-destacan-a-nivel-nacional-en-concurso-colorearte-2025\/\"]}]},{\"@type\":\"ImageObject\",\"inLanguage\":\"es\",\"@id\":\"https:\/\/www.manquecura.cl\/ciudad-de-los-valles\/noticias\/estudiantes-destacan-a-nivel-nacional-en-concurso-colorearte-2025\/#primaryimage\",\"url\":\"https:\/\/www.manquecura.cl\/ciudad-de-los-valles\/wp-content\/uploads\/sites\/42\/2025\/12\/1000146879.jpg\",\"contentUrl\":\"https:\/\/www.manquecura.cl\/ciudad-de-los-valles\/wp-content\/uploads\/sites\/42\/2025\/12\/1000146879.jpg\",\"width\":2048,\"height\":1152},{\"@type\":\"BreadcrumbList\",\"@id\":\"https:\/\/www.manquecura.cl\/ciudad-de-los-valles\/noticias\/estudiantes-destacan-a-nivel-nacional-en-concurso-colorearte-2025\/#breadcrumb\",\"itemListElement\":[{\"@type\":\"ListItem\",\"position\":1,\"name\":\"Home\",\"item\":\"https:\/\/www.manquecura.cl\/ciudad-de-los-valles\/\"},{\"@type\":\"ListItem\",\"position\":2,\"name\":\"Estudiantes destacan a nivel nacional en concurso Colorearte 2025\"}]},{\"@type\":\"WebSite\",\"@id\":\"https:\/\/www.manquecura.cl\/ciudad-de-los-valles\/#website\",\"url\":\"https:\/\/www.manquecura.cl\/ciudad-de-los-valles\/\",\"name\":\"Colegio Manquecura Ciudad de los Valles\",\"description\":\"Cognita Schools\",\"publisher\":{\"@id\":\"https:\/\/www.manquecura.cl\/ciudad-de-los-valles\/#organization\"},\"potentialAction\":[{\"@type\":\"SearchAction\",\"target\":{\"@type\":\"EntryPoint\",\"urlTemplate\":\"https:\/\/www.manquecura.cl\/ciudad-de-los-valles\/?s={search_term_string}\"},\"query-input\":{\"@type\":\"PropertyValueSpecification\",\"valueRequired\":true,\"valueName\":\"search_term_string\"}}],\"inLanguage\":\"es\"},{\"@type\":\"Organization\",\"@id\":\"https:\/\/www.manquecura.cl\/ciudad-de-los-valles\/#organization\",\"name\":\"Colegio Manquecura Ciudad de los Valles\",\"url\":\"https:\/\/www.manquecura.cl\/ciudad-de-los-valles\/\",\"logo\":{\"@type\":\"ImageObject\",\"inLanguage\":\"es\",\"@id\":\"https:\/\/www.manquecura.cl\/ciudad-de-los-valles\/#\/schema\/logo\/image\/\",\"url\":\"https:\/\/www.manquecura.cl\/ciudad-de-los-valles\/wp-content\/uploads\/sites\/42\/2025\/02\/logo_Manquecura_Ciudad-de-Los-Valles_horizontal_color.jpg\",\"contentUrl\":\"https:\/\/www.manquecura.cl\/ciudad-de-los-valles\/wp-content\/uploads\/sites\/42\/2025\/02\/logo_Manquecura_Ciudad-de-Los-Valles_horizontal_color.jpg\",\"width\":599,\"height\":179,\"caption\":\"Colegio Manquecura Ciudad de los Valles\"},\"image\":{\"@id\":\"https:\/\/www.manquecura.cl\/ciudad-de-los-valles\/#\/schema\/logo\/image\/\"},\"sameAs\":[\"http:\/\/www.facebook.com\/ColegiosManquecura\",\"https:\/\/www.manquecura.cl\/ciudad-de-los-valles\/\",\"http:\/\/www.youtube.com\/c\/CognitaChile\"]},{\"@type\":\"Person\",\"@id\":\"https:\/\/www.manquecura.cl\/ciudad-de-los-valles\/#\/schema\/person\/169b5a3a94a2c8494648e1aa8c7f2084\",\"name\":\"catalinapena\",\"image\":{\"@type\":\"ImageObject\",\"inLanguage\":\"es\",\"@id\":\"https:\/\/www.manquecura.cl\/ciudad-de-los-valles\/#\/schema\/person\/image\/\",\"url\":\"https:\/\/secure.gravatar.com\/avatar\/66b2e7653ce4ea3c0fb04e5b100d6dfb07d1f5d91e5d9724ab1b48e33aa5a8a5?s=96&d=mm&r=g\",\"contentUrl\":\"https:\/\/secure.gravatar.com\/avatar\/66b2e7653ce4ea3c0fb04e5b100d6dfb07d1f5d91e5d9724ab1b48e33aa5a8a5?s=96&d=mm&r=g\",\"caption\":\"catalinapena\"}}]}<\/script>\n<!-- \/ Yoast SEO plugin. -->","yoast_head_json":{"title":"Estudiantes destacan a nivel nacional en concurso Colorearte 2025 - Colegio Manquecura Ciudad de los Valles","description":"Estudiantes de III\u00ba y IV\u00ba Medio fueron reconocidos en el Concurso Colorearte con dos obras premiadas en la categor\u00eda Educaci\u00f3n Media, destacando su creatividad y compromiso ambiental en torno a la tem\u00e1tica de los humedales.","robots":{"index":"index","follow":"follow","max-snippet":"max-snippet:-1","max-image-preview":"max-image-preview:large","max-video-preview":"max-video-preview:-1"},"canonical":"https:\/\/www.manquecura.cl\/ciudad-de-los-valles\/noticias\/estudiantes-destacan-a-nivel-nacional-en-concurso-colorearte-2025\/","og_locale":"es_ES","og_type":"article","og_title":"Estudiantes destacan a nivel nacional en concurso Colorearte 2025 - Colegio Manquecura Ciudad de los Valles","og_description":"Estudiantes de III\u00ba y IV\u00ba Medio fueron reconocidos en el Concurso Colorearte con dos obras premiadas en la categor\u00eda Educaci\u00f3n Media, destacando su creatividad y compromiso ambiental en torno a la tem\u00e1tica de los humedales.","og_url":"https:\/\/www.manquecura.cl\/ciudad-de-los-valles\/noticias\/estudiantes-destacan-a-nivel-nacional-en-concurso-colorearte-2025\/","og_site_name":"Colegio Manquecura Ciudad de los Valles","article_publisher":"http:\/\/www.facebook.com\/ColegiosManquecura","article_published_time":"2025-12-10T10:10:22+00:00","article_modified_time":"2025-12-10T18:41:34+00:00","og_image":[{"width":2048,"height":1152,"url":"https:\/\/www.manquecura.cl\/ciudad-de-los-valles\/wp-content\/uploads\/sites\/42\/2025\/12\/1000146879.jpg","type":"image\/jpeg"}],"author":"catalinapena","twitter_card":"summary_large_image","twitter_misc":{"Escrito por":"catalinapena","Tiempo de lectura":"2 minutos"},"schema":{"@context":"https:\/\/schema.org","@graph":[{"@type":"Article","@id":"https:\/\/www.manquecura.cl\/ciudad-de-los-valles\/noticias\/estudiantes-destacan-a-nivel-nacional-en-concurso-colorearte-2025\/#article","isPartOf":{"@id":"https:\/\/www.manquecura.cl\/ciudad-de-los-valles\/noticias\/estudiantes-destacan-a-nivel-nacional-en-concurso-colorearte-2025\/"},"author":{"name":"catalinapena","@id":"https:\/\/www.manquecura.cl\/ciudad-de-los-valles\/#\/schema\/person\/169b5a3a94a2c8494648e1aa8c7f2084"},"headline":"Estudiantes destacan a nivel nacional en concurso Colorearte 2025","datePublished":"2025-12-10T10:10:22+00:00","dateModified":"2025-12-10T18:41:34+00:00","mainEntityOfPage":{"@id":"https:\/\/www.manquecura.cl\/ciudad-de-los-valles\/noticias\/estudiantes-destacan-a-nivel-nacional-en-concurso-colorearte-2025\/"},"wordCount":266,"commentCount":0,"publisher":{"@id":"https:\/\/www.manquecura.cl\/ciudad-de-los-valles\/#organization"},"image":{"@id":"https:\/\/www.manquecura.cl\/ciudad-de-los-valles\/noticias\/estudiantes-destacan-a-nivel-nacional-en-concurso-colorearte-2025\/#primaryimage"},"thumbnailUrl":"https:\/\/www.manquecura.cl\/ciudad-de-los-valles\/wp-content\/uploads\/sites\/42\/2025\/12\/1000146879.jpg","articleSection":["Vida Escolar"],"inLanguage":"es","potentialAction":[{"@type":"CommentAction","name":"Comment","target":["https:\/\/www.manquecura.cl\/ciudad-de-los-valles\/noticias\/estudiantes-destacan-a-nivel-nacional-en-concurso-colorearte-2025\/#respond"]}]},{"@type":"WebPage","@id":"https:\/\/www.manquecura.cl\/ciudad-de-los-valles\/noticias\/estudiantes-destacan-a-nivel-nacional-en-concurso-colorearte-2025\/","url":"https:\/\/www.manquecura.cl\/ciudad-de-los-valles\/noticias\/estudiantes-destacan-a-nivel-nacional-en-concurso-colorearte-2025\/","name":"Estudiantes destacan a nivel nacional en concurso Colorearte 2025 - Colegio Manquecura Ciudad de los Valles","isPartOf":{"@id":"https:\/\/www.manquecura.cl\/ciudad-de-los-valles\/#website"},"primaryImageOfPage":{"@id":"https:\/\/www.manquecura.cl\/ciudad-de-los-valles\/noticias\/estudiantes-destacan-a-nivel-nacional-en-concurso-colorearte-2025\/#primaryimage"},"image":{"@id":"https:\/\/www.manquecura.cl\/ciudad-de-los-valles\/noticias\/estudiantes-destacan-a-nivel-nacional-en-concurso-colorearte-2025\/#primaryimage"},"thumbnailUrl":"https:\/\/www.manquecura.cl\/ciudad-de-los-valles\/wp-content\/uploads\/sites\/42\/2025\/12\/1000146879.jpg","datePublished":"2025-12-10T10:10:22+00:00","dateModified":"2025-12-10T18:41:34+00:00","description":"Estudiantes de III\u00ba y IV\u00ba Medio fueron reconocidos en el Concurso Colorearte con dos obras premiadas en la categor\u00eda Educaci\u00f3n Media, destacando su creatividad y compromiso ambiental en torno a la tem\u00e1tica de los humedales.","breadcrumb":{"@id":"https:\/\/www.manquecura.cl\/ciudad-de-los-valles\/noticias\/estudiantes-destacan-a-nivel-nacional-en-concurso-colorearte-2025\/#breadcrumb"},"inLanguage":"es","potentialAction":[{"@type":"ReadAction","target":["https:\/\/www.manquecura.cl\/ciudad-de-los-valles\/noticias\/estudiantes-destacan-a-nivel-nacional-en-concurso-colorearte-2025\/"]}]},{"@type":"ImageObject","inLanguage":"es","@id":"https:\/\/www.manquecura.cl\/ciudad-de-los-valles\/noticias\/estudiantes-destacan-a-nivel-nacional-en-concurso-colorearte-2025\/#primaryimage","url":"https:\/\/www.manquecura.cl\/ciudad-de-los-valles\/wp-content\/uploads\/sites\/42\/2025\/12\/1000146879.jpg","contentUrl":"https:\/\/www.manquecura.cl\/ciudad-de-los-valles\/wp-content\/uploads\/sites\/42\/2025\/12\/1000146879.jpg","width":2048,"height":1152},{"@type":"BreadcrumbList","@id":"https:\/\/www.manquecura.cl\/ciudad-de-los-valles\/noticias\/estudiantes-destacan-a-nivel-nacional-en-concurso-colorearte-2025\/#breadcrumb","itemListElement":[{"@type":"ListItem","position":1,"name":"Home","item":"https:\/\/www.manquecura.cl\/ciudad-de-los-valles\/"},{"@type":"ListItem","position":2,"name":"Estudiantes destacan a nivel nacional en concurso Colorearte 2025"}]},{"@type":"WebSite","@id":"https:\/\/www.manquecura.cl\/ciudad-de-los-valles\/#website","url":"https:\/\/www.manquecura.cl\/ciudad-de-los-valles\/","name":"Colegio Manquecura Ciudad de los Valles","description":"Cognita Schools","publisher":{"@id":"https:\/\/www.manquecura.cl\/ciudad-de-los-valles\/#organization"},"potentialAction":[{"@type":"SearchAction","target":{"@type":"EntryPoint","urlTemplate":"https:\/\/www.manquecura.cl\/ciudad-de-los-valles\/?s={search_term_string}"},"query-input":{"@type":"PropertyValueSpecification","valueRequired":true,"valueName":"search_term_string"}}],"inLanguage":"es"},{"@type":"Organization","@id":"https:\/\/www.manquecura.cl\/ciudad-de-los-valles\/#organization","name":"Colegio Manquecura Ciudad de los Valles","url":"https:\/\/www.manquecura.cl\/ciudad-de-los-valles\/","logo":{"@type":"ImageObject","inLanguage":"es","@id":"https:\/\/www.manquecura.cl\/ciudad-de-los-valles\/#\/schema\/logo\/image\/","url":"https:\/\/www.manquecura.cl\/ciudad-de-los-valles\/wp-content\/uploads\/sites\/42\/2025\/02\/logo_Manquecura_Ciudad-de-Los-Valles_horizontal_color.jpg","contentUrl":"https:\/\/www.manquecura.cl\/ciudad-de-los-valles\/wp-content\/uploads\/sites\/42\/2025\/02\/logo_Manquecura_Ciudad-de-Los-Valles_horizontal_color.jpg","width":599,"height":179,"caption":"Colegio Manquecura Ciudad de los Valles"},"image":{"@id":"https:\/\/www.manquecura.cl\/ciudad-de-los-valles\/#\/schema\/logo\/image\/"},"sameAs":["http:\/\/www.facebook.com\/ColegiosManquecura","https:\/\/www.manquecura.cl\/ciudad-de-los-valles\/","http:\/\/www.youtube.com\/c\/CognitaChile"]},{"@type":"Person","@id":"https:\/\/www.manquecura.cl\/ciudad-de-los-valles\/#\/schema\/person\/169b5a3a94a2c8494648e1aa8c7f2084","name":"catalinapena","image":{"@type":"ImageObject","inLanguage":"es","@id":"https:\/\/www.manquecura.cl\/ciudad-de-los-valles\/#\/schema\/person\/image\/","url":"https:\/\/secure.gravatar.com\/avatar\/66b2e7653ce4ea3c0fb04e5b100d6dfb07d1f5d91e5d9724ab1b48e33aa5a8a5?s=96&d=mm&r=g","contentUrl":"https:\/\/secure.gravatar.com\/avatar\/66b2e7653ce4ea3c0fb04e5b100d6dfb07d1f5d91e5d9724ab1b48e33aa5a8a5?s=96&d=mm&r=g","caption":"catalinapena"}}]}},"jetpack_featured_media_url":"https:\/\/www.manquecura.cl\/ciudad-de-los-valles\/wp-content\/uploads\/sites\/42\/2025\/12\/1000146879.jpg","previous_post_ID":126592,"previous_post_title":"Academia de Cheerleading brilla en el Campeonato Nacional 2025 con destacados primeros lugares","previous_post_excerpt":"La Academia de Cheerleading, del Colegio Manquecura Ciudad de los Valles, tuvo una sobresaliente participaci\u00f3n en el Campeonato Nacional 2025, realizado el pasado 22 de noviembre en el polideportivo del Estadio Nacional, una instancia que reuni\u00f3 a los equipos m\u00e1s competitivos del pa\u00eds. Bajo la gu\u00eda del profesor C\u00e9sar Stuardo y Miss Daniela Valenzuela, la [&hellip;]","previous_post_link":"https:\/\/www.manquecura.cl\/ciudad-de-los-valles\/noticias\/academia-de-cheerleading-brilla-en-el-campeonato-nacional-2025-con-destacados-primeros-lugares\/","previous_post_class":["post-126592","post","type-post","status-publish","format-standard","has-post-thumbnail","hentry","category-vida-escolar"],"next_post_ID":126641,"next_post_title":"Manquecura Ciudad de los Valles obtiene destacados resultados en la PAES 2025","next_post_excerpt":"Un destacado resultado obtuvo el Colegio Manquecura Ciudad de los Valles\u00a0en la Prueba de Acceso a la Educaci\u00f3n Superior (PAES), luego de que 2 de sus estudiantes alcanzaran puntaje m\u00e1ximo en la prueba de Matem\u00e1tica y 30 de ellos superaran los 900 puntos.\u00a0 El logro refleja un s\u00f3lido trabajo acad\u00e9mico en el \u00e1rea de las [&hellip;]","next_post_link":"https:\/\/www.manquecura.cl\/ciudad-de-los-valles\/noticias\/manquecura-ciudad-de-los-valles-obtiene-destacados-resultados-en-la-paes-2025\/","next_post_class":["post-126641","post","type-post","status-publish","format-standard","has-post-thumbnail","hentry","category-vida-escolar"],"jetpack_sharing_enabled":true,"_links":{"self":[{"href":"https:\/\/www.manquecura.cl\/ciudad-de-los-valles\/wp-json\/wp\/v2\/posts\/126612","targetHints":{"allow":["GET"]}}],"collection":[{"href":"https:\/\/www.manquecura.cl\/ciudad-de-los-valles\/wp-json\/wp\/v2\/posts"}],"about":[{"href":"https:\/\/www.manquecura.cl\/ciudad-de-los-valles\/wp-json\/wp\/v2\/types\/post"}],"author":[{"embeddable":true,"href":"https:\/\/www.manquecura.cl\/ciudad-de-los-valles\/wp-json\/wp\/v2\/users\/135"}],"replies":[{"embeddable":true,"href":"https:\/\/www.manquecura.cl\/ciudad-de-los-valles\/wp-json\/wp\/v2\/comments?post=126612"}],"version-history":[{"count":11,"href":"https:\/\/www.manquecura.cl\/ciudad-de-los-valles\/wp-json\/wp\/v2\/posts\/126612\/revisions"}],"predecessor-version":[{"id":126627,"href":"https:\/\/www.manquecura.cl\/ciudad-de-los-valles\/wp-json\/wp\/v2\/posts\/126612\/revisions\/126627"}],"wp:featuredmedia":[{"embeddable":true,"href":"https:\/\/www.manquecura.cl\/ciudad-de-los-valles\/wp-json\/wp\/v2\/media\/126605"}],"wp:attachment":[{"href":"https:\/\/www.manquecura.cl\/ciudad-de-los-valles\/wp-json\/wp\/v2\/media?parent=126612"}],"wp:term":[{"taxonomy":"category","embeddable":true,"href":"https:\/\/www.manquecura.cl\/ciudad-de-los-valles\/wp-json\/wp\/v2\/categories?post=126612"},{"taxonomy":"post_tag","embeddable":true,"href":"https:\/\/www.manquecura.cl\/ciudad-de-los-valles\/wp-json\/wp\/v2\/tags?post=126612"}],"curies":[{"name":"wp","href":"https:\/\/api.w.org\/{rel}","templated":true}]}}