{"id":126493,"date":"2025-07-17T13:28:22","date_gmt":"2025-07-17T13:28:22","guid":{"rendered":"https:\/\/www.manquecura.cl\/ciudad-de-los-valles\/?p=126493"},"modified":"2025-08-14T13:56:59","modified_gmt":"2025-08-14T13:56:59","slug":"emotivo-reencuentro-de-la-generacion-2024-en-el-colegio-manquecura-ciudad-de-los-valles","status":"publish","type":"post","link":"https:\/\/www.manquecura.cl\/ciudad-de-los-valles\/noticias\/emotivo-reencuentro-de-la-generacion-2024-en-el-colegio-manquecura-ciudad-de-los-valles\/","title":{"rendered":"Emotivo Reencuentro de la Generaci\u00f3n 2024 en el Colegio Manquecura Ciudad de los Valles"},"content":{"rendered":"<p>El <b>Colegio Manquecura Ciudad de los Valles<\/b> fue el escenario de un emotivo reencuentro con los exalumnos de la <b>Generaci\u00f3n 2024<\/b>, en un evento cargado de nostalgia y alegr\u00eda. Este esperado encuentro permiti\u00f3 a compa\u00f1eros y profesores volver a verse, compartir an\u00e9cdotas y recordar los momentos que marcaron una etapa crucial en sus vidas.<\/p>\n<h4><b>Un Regreso Lleno de Emociones y Recuerdos<\/b><\/h4>\n<p>El principal motivo de la reuni\u00f3n fue la entrega del <b>anuario 2024<\/b>, un tesoro lleno de fotograf\u00edas, dedicatorias y recuerdos que encapsula la historia de la promoci\u00f3n. Al recibir este simb\u00f3lico libro, los exalumnos revivieron la camarader\u00eda y los lazos que se formaron en las aulas, pasillos y canchas del colegio. Ver a los antiguos compa\u00f1eros y a los profesores que los guiaron en su camino acad\u00e9mico gener\u00f3 un ambiente de calidez y profunda emoci\u00f3n.<\/p>\n<h4><b>Un V\u00ednculo que Perdura en el Tiempo<\/b><\/h4>\n<p>Para el Colegio Manquecura Ciudad de los Valles, este reencuentro no es solo un evento, sino un recordatorio de que los lazos creados aqu\u00ed perduran mucho m\u00e1s all\u00e1 de la graduaci\u00f3n. Nos llena de orgullo ver c\u00f3mo cada uno de nuestros exalumnos contin\u00faa su camino, creciendo profesional y personalmente.<\/p>\n<p>Agradecemos a la <b>Generaci\u00f3n 2024<\/b> por volver y recordarnos que, sin importar el tiempo o la distancia, siempre ser\u00e1n parte fundamental de esta gran comunidad. La puerta del colegio est\u00e1 siempre abierta para ustedes.<\/p>\n"},"excerpt":{"rendered":"<p>El Colegio Manquecura Ciudad de los Valles fue el escenario de un emotivo reencuentro con los exalumnos de la Generaci\u00f3n 2024, en un evento cargado de nostalgia y alegr\u00eda. Este esperado encuentro permiti\u00f3 a compa\u00f1eros y profesores volver a verse, compartir an\u00e9cdotas y recordar los momentos que marcaron una etapa crucial en sus vidas. Un [&hellip;]<\/p>\n","protected":false},"author":34,"featured_media":126494,"comment_status":"open","ping_status":"open","sticky":false,"template":"","format":"standard","meta":{"_acf_changed":false,"content-type":"","_jetpack_memberships_contains_paid_content":false,"footnotes":""},"categories":[1],"tags":[16,20,19,22,18,23,24,17,21],"class_list":["post-126493","post","type-post","status-publish","format-standard","has-post-thumbnail","hentry","category-vida-escolar","tag-colegio-manquecura-ciudad-de-los-valles","tag-comunidad-escolar","tag-entrega-de-anuario","tag-exalumnos","tag-generacion-2024","tag-nostalgia","tag-noticias-manquecura","tag-reencuentro-exalumnos","tag-vida-escolar"],"acf":[],"yoast_head":"<!-- This site is optimized with the Yoast SEO plugin v27.1.1 - https:\/\/yoast.com\/product\/yoast-seo-wordpress\/ -->\n<title>Emotivo Reencuentro de la Generaci\u00f3n 2024 en el Colegio Manquecura Ciudad de los Valles - Colegio Manquecura Ciudad de los Valles<\/title>\n<meta name=\"description\" content=\"El Colegio Manquecura Ciudad de los Valles celebr\u00f3 un conmovedor reencuentro con sus exalumnos de la Generaci\u00f3n 2024 para la entrega de su anuario, reafirmando los lazos con la comunidad escolar.\" \/>\n<meta name=\"robots\" content=\"index, follow, max-snippet:-1, max-image-preview:large, max-video-preview:-1\" \/>\n<link rel=\"canonical\" href=\"https:\/\/www.manquecura.cl\/ciudad-de-los-valles\/noticias\/emotivo-reencuentro-de-la-generacion-2024-en-el-colegio-manquecura-ciudad-de-los-valles\/\" \/>\n<meta property=\"og:locale\" content=\"es_ES\" \/>\n<meta property=\"og:type\" content=\"article\" \/>\n<meta property=\"og:title\" content=\"Emotivo Reencuentro de la Generaci\u00f3n 2024 en el Colegio Manquecura Ciudad de los Valles - Colegio Manquecura Ciudad de los Valles\" \/>\n<meta property=\"og:description\" content=\"El Colegio Manquecura Ciudad de los Valles celebr\u00f3 un conmovedor reencuentro con sus exalumnos de la Generaci\u00f3n 2024 para la entrega de su anuario, reafirmando los lazos con la comunidad escolar.\" \/>\n<meta property=\"og:url\" content=\"https:\/\/www.manquecura.cl\/ciudad-de-los-valles\/noticias\/emotivo-reencuentro-de-la-generacion-2024-en-el-colegio-manquecura-ciudad-de-los-valles\/\" \/>\n<meta property=\"og:site_name\" content=\"Colegio Manquecura Ciudad de los Valles\" \/>\n<meta property=\"article:publisher\" content=\"http:\/\/www.facebook.com\/ColegiosManquecura\" \/>\n<meta property=\"article:published_time\" content=\"2025-07-17T13:28:22+00:00\" \/>\n<meta property=\"article:modified_time\" content=\"2025-08-14T13:56:59+00:00\" \/>\n<meta property=\"og:image\" content=\"https:\/\/www.manquecura.cl\/ciudad-de-los-valles\/wp-content\/uploads\/sites\/42\/2025\/08\/Colegio-Manquecura-Ciudad-de-los-Valles-Pudahuel-Generacion-2024.png\" \/>\n\t<meta property=\"og:image:width\" content=\"1116\" \/>\n\t<meta property=\"og:image:height\" content=\"550\" \/>\n\t<meta property=\"og:image:type\" content=\"image\/png\" \/>\n<meta name=\"author\" content=\"danielacastro\" \/>\n<meta name=\"twitter:card\" content=\"summary_large_image\" \/>\n<meta name=\"twitter:label1\" content=\"Escrito por\" \/>\n\t<meta name=\"twitter:data1\" content=\"danielacastro\" \/>\n\t<meta name=\"twitter:label2\" content=\"Tiempo de lectura\" \/>\n\t<meta name=\"twitter:data2\" content=\"2 minutos\" \/>\n<script type=\"application\/ld+json\" class=\"yoast-schema-graph\">{\"@context\":\"https:\/\/schema.org\",\"@graph\":[{\"@type\":\"Article\",\"@id\":\"https:\/\/www.manquecura.cl\/ciudad-de-los-valles\/noticias\/emotivo-reencuentro-de-la-generacion-2024-en-el-colegio-manquecura-ciudad-de-los-valles\/#article\",\"isPartOf\":{\"@id\":\"https:\/\/www.manquecura.cl\/ciudad-de-los-valles\/noticias\/emotivo-reencuentro-de-la-generacion-2024-en-el-colegio-manquecura-ciudad-de-los-valles\/\"},\"author\":{\"name\":\"danielacastro\",\"@id\":\"https:\/\/www.manquecura.cl\/ciudad-de-los-valles\/#\/schema\/person\/5eb92a7b45165cdbdbb271bcdacc9d9e\"},\"headline\":\"Emotivo Reencuentro de la Generaci\u00f3n 2024 en el Colegio Manquecura Ciudad de los Valles\",\"datePublished\":\"2025-07-17T13:28:22+00:00\",\"dateModified\":\"2025-08-14T13:56:59+00:00\",\"mainEntityOfPage\":{\"@id\":\"https:\/\/www.manquecura.cl\/ciudad-de-los-valles\/noticias\/emotivo-reencuentro-de-la-generacion-2024-en-el-colegio-manquecura-ciudad-de-los-valles\/\"},\"wordCount\":256,\"commentCount\":0,\"publisher\":{\"@id\":\"https:\/\/www.manquecura.cl\/ciudad-de-los-valles\/#organization\"},\"image\":{\"@id\":\"https:\/\/www.manquecura.cl\/ciudad-de-los-valles\/noticias\/emotivo-reencuentro-de-la-generacion-2024-en-el-colegio-manquecura-ciudad-de-los-valles\/#primaryimage\"},\"thumbnailUrl\":\"https:\/\/www.manquecura.cl\/ciudad-de-los-valles\/wp-content\/uploads\/sites\/42\/2025\/08\/Colegio-Manquecura-Ciudad-de-los-Valles-Pudahuel-Generacion-2024.png\",\"keywords\":[\"Colegio Manquecura Ciudad de los Valles\",\"Comunidad Escolar\",\"Entrega de Anuario\",\"Exalumnos\",\"Generaci\u00f3n 2024\",\"Nostalgia\",\"Noticias Manquecura\",\"Reencuentro Exalumnos\",\"Vida Escolar\"],\"articleSection\":[\"Vida Escolar\"],\"inLanguage\":\"es\",\"potentialAction\":[{\"@type\":\"CommentAction\",\"name\":\"Comment\",\"target\":[\"https:\/\/www.manquecura.cl\/ciudad-de-los-valles\/noticias\/emotivo-reencuentro-de-la-generacion-2024-en-el-colegio-manquecura-ciudad-de-los-valles\/#respond\"]}]},{\"@type\":\"WebPage\",\"@id\":\"https:\/\/www.manquecura.cl\/ciudad-de-los-valles\/noticias\/emotivo-reencuentro-de-la-generacion-2024-en-el-colegio-manquecura-ciudad-de-los-valles\/\",\"url\":\"https:\/\/www.manquecura.cl\/ciudad-de-los-valles\/noticias\/emotivo-reencuentro-de-la-generacion-2024-en-el-colegio-manquecura-ciudad-de-los-valles\/\",\"name\":\"Emotivo Reencuentro de la Generaci\u00f3n 2024 en el Colegio Manquecura Ciudad de los Valles - Colegio Manquecura Ciudad de los Valles\",\"isPartOf\":{\"@id\":\"https:\/\/www.manquecura.cl\/ciudad-de-los-valles\/#website\"},\"primaryImageOfPage\":{\"@id\":\"https:\/\/www.manquecura.cl\/ciudad-de-los-valles\/noticias\/emotivo-reencuentro-de-la-generacion-2024-en-el-colegio-manquecura-ciudad-de-los-valles\/#primaryimage\"},\"image\":{\"@id\":\"https:\/\/www.manquecura.cl\/ciudad-de-los-valles\/noticias\/emotivo-reencuentro-de-la-generacion-2024-en-el-colegio-manquecura-ciudad-de-los-valles\/#primaryimage\"},\"thumbnailUrl\":\"https:\/\/www.manquecura.cl\/ciudad-de-los-valles\/wp-content\/uploads\/sites\/42\/2025\/08\/Colegio-Manquecura-Ciudad-de-los-Valles-Pudahuel-Generacion-2024.png\",\"datePublished\":\"2025-07-17T13:28:22+00:00\",\"dateModified\":\"2025-08-14T13:56:59+00:00\",\"description\":\"El Colegio Manquecura Ciudad de los Valles celebr\u00f3 un conmovedor reencuentro con sus exalumnos de la Generaci\u00f3n 2024 para la entrega de su anuario, reafirmando los lazos con la comunidad escolar.\",\"breadcrumb\":{\"@id\":\"https:\/\/www.manquecura.cl\/ciudad-de-los-valles\/noticias\/emotivo-reencuentro-de-la-generacion-2024-en-el-colegio-manquecura-ciudad-de-los-valles\/#breadcrumb\"},\"inLanguage\":\"es\",\"potentialAction\":[{\"@type\":\"ReadAction\",\"target\":[\"https:\/\/www.manquecura.cl\/ciudad-de-los-valles\/noticias\/emotivo-reencuentro-de-la-generacion-2024-en-el-colegio-manquecura-ciudad-de-los-valles\/\"]}]},{\"@type\":\"ImageObject\",\"inLanguage\":\"es\",\"@id\":\"https:\/\/www.manquecura.cl\/ciudad-de-los-valles\/noticias\/emotivo-reencuentro-de-la-generacion-2024-en-el-colegio-manquecura-ciudad-de-los-valles\/#primaryimage\",\"url\":\"https:\/\/www.manquecura.cl\/ciudad-de-los-valles\/wp-content\/uploads\/sites\/42\/2025\/08\/Colegio-Manquecura-Ciudad-de-los-Valles-Pudahuel-Generacion-2024.png\",\"contentUrl\":\"https:\/\/www.manquecura.cl\/ciudad-de-los-valles\/wp-content\/uploads\/sites\/42\/2025\/08\/Colegio-Manquecura-Ciudad-de-los-Valles-Pudahuel-Generacion-2024.png\",\"width\":1116,\"height\":550},{\"@type\":\"BreadcrumbList\",\"@id\":\"https:\/\/www.manquecura.cl\/ciudad-de-los-valles\/noticias\/emotivo-reencuentro-de-la-generacion-2024-en-el-colegio-manquecura-ciudad-de-los-valles\/#breadcrumb\",\"itemListElement\":[{\"@type\":\"ListItem\",\"position\":1,\"name\":\"Home\",\"item\":\"https:\/\/www.manquecura.cl\/ciudad-de-los-valles\/\"},{\"@type\":\"ListItem\",\"position\":2,\"name\":\"Emotivo Reencuentro de la Generaci\u00f3n 2024 en el Colegio Manquecura Ciudad de los Valles\"}]},{\"@type\":\"WebSite\",\"@id\":\"https:\/\/www.manquecura.cl\/ciudad-de-los-valles\/#website\",\"url\":\"https:\/\/www.manquecura.cl\/ciudad-de-los-valles\/\",\"name\":\"Colegio Manquecura Ciudad de los Valles\",\"description\":\"Cognita Schools\",\"publisher\":{\"@id\":\"https:\/\/www.manquecura.cl\/ciudad-de-los-valles\/#organization\"},\"potentialAction\":[{\"@type\":\"SearchAction\",\"target\":{\"@type\":\"EntryPoint\",\"urlTemplate\":\"https:\/\/www.manquecura.cl\/ciudad-de-los-valles\/?s={search_term_string}\"},\"query-input\":{\"@type\":\"PropertyValueSpecification\",\"valueRequired\":true,\"valueName\":\"search_term_string\"}}],\"inLanguage\":\"es\"},{\"@type\":\"Organization\",\"@id\":\"https:\/\/www.manquecura.cl\/ciudad-de-los-valles\/#organization\",\"name\":\"Colegio Manquecura Ciudad de los Valles\",\"url\":\"https:\/\/www.manquecura.cl\/ciudad-de-los-valles\/\",\"logo\":{\"@type\":\"ImageObject\",\"inLanguage\":\"es\",\"@id\":\"https:\/\/www.manquecura.cl\/ciudad-de-los-valles\/#\/schema\/logo\/image\/\",\"url\":\"https:\/\/www.manquecura.cl\/ciudad-de-los-valles\/wp-content\/uploads\/sites\/42\/2025\/02\/logo_Manquecura_Ciudad-de-Los-Valles_horizontal_color.jpg\",\"contentUrl\":\"https:\/\/www.manquecura.cl\/ciudad-de-los-valles\/wp-content\/uploads\/sites\/42\/2025\/02\/logo_Manquecura_Ciudad-de-Los-Valles_horizontal_color.jpg\",\"width\":599,\"height\":179,\"caption\":\"Colegio Manquecura Ciudad de los Valles\"},\"image\":{\"@id\":\"https:\/\/www.manquecura.cl\/ciudad-de-los-valles\/#\/schema\/logo\/image\/\"},\"sameAs\":[\"http:\/\/www.facebook.com\/ColegiosManquecura\",\"https:\/\/www.manquecura.cl\/ciudad-de-los-valles\/\",\"http:\/\/www.youtube.com\/c\/CognitaChile\"]},{\"@type\":\"Person\",\"@id\":\"https:\/\/www.manquecura.cl\/ciudad-de-los-valles\/#\/schema\/person\/5eb92a7b45165cdbdbb271bcdacc9d9e\",\"name\":\"danielacastro\",\"image\":{\"@type\":\"ImageObject\",\"inLanguage\":\"es\",\"@id\":\"https:\/\/www.manquecura.cl\/ciudad-de-los-valles\/#\/schema\/person\/image\/\",\"url\":\"https:\/\/secure.gravatar.com\/avatar\/16a603f2cc3ad485cabfe7c59b923050a809d8344cba940b4148737780592211?s=96&d=mm&r=g\",\"contentUrl\":\"https:\/\/secure.gravatar.com\/avatar\/16a603f2cc3ad485cabfe7c59b923050a809d8344cba940b4148737780592211?s=96&d=mm&r=g\",\"caption\":\"danielacastro\"}}]}<\/script>\n<!-- \/ Yoast SEO plugin. -->","yoast_head_json":{"title":"Emotivo Reencuentro de la Generaci\u00f3n 2024 en el Colegio Manquecura Ciudad de los Valles - Colegio Manquecura Ciudad de los Valles","description":"El Colegio Manquecura Ciudad de los Valles celebr\u00f3 un conmovedor reencuentro con sus exalumnos de la Generaci\u00f3n 2024 para la entrega de su anuario, reafirmando los lazos con la comunidad escolar.","robots":{"index":"index","follow":"follow","max-snippet":"max-snippet:-1","max-image-preview":"max-image-preview:large","max-video-preview":"max-video-preview:-1"},"canonical":"https:\/\/www.manquecura.cl\/ciudad-de-los-valles\/noticias\/emotivo-reencuentro-de-la-generacion-2024-en-el-colegio-manquecura-ciudad-de-los-valles\/","og_locale":"es_ES","og_type":"article","og_title":"Emotivo Reencuentro de la Generaci\u00f3n 2024 en el Colegio Manquecura Ciudad de los Valles - Colegio Manquecura Ciudad de los Valles","og_description":"El Colegio Manquecura Ciudad de los Valles celebr\u00f3 un conmovedor reencuentro con sus exalumnos de la Generaci\u00f3n 2024 para la entrega de su anuario, reafirmando los lazos con la comunidad escolar.","og_url":"https:\/\/www.manquecura.cl\/ciudad-de-los-valles\/noticias\/emotivo-reencuentro-de-la-generacion-2024-en-el-colegio-manquecura-ciudad-de-los-valles\/","og_site_name":"Colegio Manquecura Ciudad de los Valles","article_publisher":"http:\/\/www.facebook.com\/ColegiosManquecura","article_published_time":"2025-07-17T13:28:22+00:00","article_modified_time":"2025-08-14T13:56:59+00:00","og_image":[{"width":1116,"height":550,"url":"https:\/\/www.manquecura.cl\/ciudad-de-los-valles\/wp-content\/uploads\/sites\/42\/2025\/08\/Colegio-Manquecura-Ciudad-de-los-Valles-Pudahuel-Generacion-2024.png","type":"image\/png"}],"author":"danielacastro","twitter_card":"summary_large_image","twitter_misc":{"Escrito por":"danielacastro","Tiempo de lectura":"2 minutos"},"schema":{"@context":"https:\/\/schema.org","@graph":[{"@type":"Article","@id":"https:\/\/www.manquecura.cl\/ciudad-de-los-valles\/noticias\/emotivo-reencuentro-de-la-generacion-2024-en-el-colegio-manquecura-ciudad-de-los-valles\/#article","isPartOf":{"@id":"https:\/\/www.manquecura.cl\/ciudad-de-los-valles\/noticias\/emotivo-reencuentro-de-la-generacion-2024-en-el-colegio-manquecura-ciudad-de-los-valles\/"},"author":{"name":"danielacastro","@id":"https:\/\/www.manquecura.cl\/ciudad-de-los-valles\/#\/schema\/person\/5eb92a7b45165cdbdbb271bcdacc9d9e"},"headline":"Emotivo Reencuentro de la Generaci\u00f3n 2024 en el Colegio Manquecura Ciudad de los Valles","datePublished":"2025-07-17T13:28:22+00:00","dateModified":"2025-08-14T13:56:59+00:00","mainEntityOfPage":{"@id":"https:\/\/www.manquecura.cl\/ciudad-de-los-valles\/noticias\/emotivo-reencuentro-de-la-generacion-2024-en-el-colegio-manquecura-ciudad-de-los-valles\/"},"wordCount":256,"commentCount":0,"publisher":{"@id":"https:\/\/www.manquecura.cl\/ciudad-de-los-valles\/#organization"},"image":{"@id":"https:\/\/www.manquecura.cl\/ciudad-de-los-valles\/noticias\/emotivo-reencuentro-de-la-generacion-2024-en-el-colegio-manquecura-ciudad-de-los-valles\/#primaryimage"},"thumbnailUrl":"https:\/\/www.manquecura.cl\/ciudad-de-los-valles\/wp-content\/uploads\/sites\/42\/2025\/08\/Colegio-Manquecura-Ciudad-de-los-Valles-Pudahuel-Generacion-2024.png","keywords":["Colegio Manquecura Ciudad de los Valles","Comunidad Escolar","Entrega de Anuario","Exalumnos","Generaci\u00f3n 2024","Nostalgia","Noticias Manquecura","Reencuentro Exalumnos","Vida Escolar"],"articleSection":["Vida Escolar"],"inLanguage":"es","potentialAction":[{"@type":"CommentAction","name":"Comment","target":["https:\/\/www.manquecura.cl\/ciudad-de-los-valles\/noticias\/emotivo-reencuentro-de-la-generacion-2024-en-el-colegio-manquecura-ciudad-de-los-valles\/#respond"]}]},{"@type":"WebPage","@id":"https:\/\/www.manquecura.cl\/ciudad-de-los-valles\/noticias\/emotivo-reencuentro-de-la-generacion-2024-en-el-colegio-manquecura-ciudad-de-los-valles\/","url":"https:\/\/www.manquecura.cl\/ciudad-de-los-valles\/noticias\/emotivo-reencuentro-de-la-generacion-2024-en-el-colegio-manquecura-ciudad-de-los-valles\/","name":"Emotivo Reencuentro de la Generaci\u00f3n 2024 en el Colegio Manquecura Ciudad de los Valles - Colegio Manquecura Ciudad de los Valles","isPartOf":{"@id":"https:\/\/www.manquecura.cl\/ciudad-de-los-valles\/#website"},"primaryImageOfPage":{"@id":"https:\/\/www.manquecura.cl\/ciudad-de-los-valles\/noticias\/emotivo-reencuentro-de-la-generacion-2024-en-el-colegio-manquecura-ciudad-de-los-valles\/#primaryimage"},"image":{"@id":"https:\/\/www.manquecura.cl\/ciudad-de-los-valles\/noticias\/emotivo-reencuentro-de-la-generacion-2024-en-el-colegio-manquecura-ciudad-de-los-valles\/#primaryimage"},"thumbnailUrl":"https:\/\/www.manquecura.cl\/ciudad-de-los-valles\/wp-content\/uploads\/sites\/42\/2025\/08\/Colegio-Manquecura-Ciudad-de-los-Valles-Pudahuel-Generacion-2024.png","datePublished":"2025-07-17T13:28:22+00:00","dateModified":"2025-08-14T13:56:59+00:00","description":"El Colegio Manquecura Ciudad de los Valles celebr\u00f3 un conmovedor reencuentro con sus exalumnos de la Generaci\u00f3n 2024 para la entrega de su anuario, reafirmando los lazos con la comunidad escolar.","breadcrumb":{"@id":"https:\/\/www.manquecura.cl\/ciudad-de-los-valles\/noticias\/emotivo-reencuentro-de-la-generacion-2024-en-el-colegio-manquecura-ciudad-de-los-valles\/#breadcrumb"},"inLanguage":"es","potentialAction":[{"@type":"ReadAction","target":["https:\/\/www.manquecura.cl\/ciudad-de-los-valles\/noticias\/emotivo-reencuentro-de-la-generacion-2024-en-el-colegio-manquecura-ciudad-de-los-valles\/"]}]},{"@type":"ImageObject","inLanguage":"es","@id":"https:\/\/www.manquecura.cl\/ciudad-de-los-valles\/noticias\/emotivo-reencuentro-de-la-generacion-2024-en-el-colegio-manquecura-ciudad-de-los-valles\/#primaryimage","url":"https:\/\/www.manquecura.cl\/ciudad-de-los-valles\/wp-content\/uploads\/sites\/42\/2025\/08\/Colegio-Manquecura-Ciudad-de-los-Valles-Pudahuel-Generacion-2024.png","contentUrl":"https:\/\/www.manquecura.cl\/ciudad-de-los-valles\/wp-content\/uploads\/sites\/42\/2025\/08\/Colegio-Manquecura-Ciudad-de-los-Valles-Pudahuel-Generacion-2024.png","width":1116,"height":550},{"@type":"BreadcrumbList","@id":"https:\/\/www.manquecura.cl\/ciudad-de-los-valles\/noticias\/emotivo-reencuentro-de-la-generacion-2024-en-el-colegio-manquecura-ciudad-de-los-valles\/#breadcrumb","itemListElement":[{"@type":"ListItem","position":1,"name":"Home","item":"https:\/\/www.manquecura.cl\/ciudad-de-los-valles\/"},{"@type":"ListItem","position":2,"name":"Emotivo Reencuentro de la Generaci\u00f3n 2024 en el Colegio Manquecura Ciudad de los Valles"}]},{"@type":"WebSite","@id":"https:\/\/www.manquecura.cl\/ciudad-de-los-valles\/#website","url":"https:\/\/www.manquecura.cl\/ciudad-de-los-valles\/","name":"Colegio Manquecura Ciudad de los Valles","description":"Cognita Schools","publisher":{"@id":"https:\/\/www.manquecura.cl\/ciudad-de-los-valles\/#organization"},"potentialAction":[{"@type":"SearchAction","target":{"@type":"EntryPoint","urlTemplate":"https:\/\/www.manquecura.cl\/ciudad-de-los-valles\/?s={search_term_string}"},"query-input":{"@type":"PropertyValueSpecification","valueRequired":true,"valueName":"search_term_string"}}],"inLanguage":"es"},{"@type":"Organization","@id":"https:\/\/www.manquecura.cl\/ciudad-de-los-valles\/#organization","name":"Colegio Manquecura Ciudad de los Valles","url":"https:\/\/www.manquecura.cl\/ciudad-de-los-valles\/","logo":{"@type":"ImageObject","inLanguage":"es","@id":"https:\/\/www.manquecura.cl\/ciudad-de-los-valles\/#\/schema\/logo\/image\/","url":"https:\/\/www.manquecura.cl\/ciudad-de-los-valles\/wp-content\/uploads\/sites\/42\/2025\/02\/logo_Manquecura_Ciudad-de-Los-Valles_horizontal_color.jpg","contentUrl":"https:\/\/www.manquecura.cl\/ciudad-de-los-valles\/wp-content\/uploads\/sites\/42\/2025\/02\/logo_Manquecura_Ciudad-de-Los-Valles_horizontal_color.jpg","width":599,"height":179,"caption":"Colegio Manquecura Ciudad de los Valles"},"image":{"@id":"https:\/\/www.manquecura.cl\/ciudad-de-los-valles\/#\/schema\/logo\/image\/"},"sameAs":["http:\/\/www.facebook.com\/ColegiosManquecura","https:\/\/www.manquecura.cl\/ciudad-de-los-valles\/","http:\/\/www.youtube.com\/c\/CognitaChile"]},{"@type":"Person","@id":"https:\/\/www.manquecura.cl\/ciudad-de-los-valles\/#\/schema\/person\/5eb92a7b45165cdbdbb271bcdacc9d9e","name":"danielacastro","image":{"@type":"ImageObject","inLanguage":"es","@id":"https:\/\/www.manquecura.cl\/ciudad-de-los-valles\/#\/schema\/person\/image\/","url":"https:\/\/secure.gravatar.com\/avatar\/16a603f2cc3ad485cabfe7c59b923050a809d8344cba940b4148737780592211?s=96&d=mm&r=g","contentUrl":"https:\/\/secure.gravatar.com\/avatar\/16a603f2cc3ad485cabfe7c59b923050a809d8344cba940b4148737780592211?s=96&d=mm&r=g","caption":"danielacastro"}}]}},"jetpack_featured_media_url":"https:\/\/www.manquecura.cl\/ciudad-de-los-valles\/wp-content\/uploads\/sites\/42\/2025\/08\/Colegio-Manquecura-Ciudad-de-los-Valles-Pudahuel-Generacion-2024.png","previous_post_ID":126446,"previous_post_title":"Estudiantes de IV Medio Finalizan Curso de Conducci\u00f3n en el Marco del Programa de Educaci\u00f3n Vial","previous_post_excerpt":"Con orgullo, celebramos la finalizaci\u00f3n del curso de conducci\u00f3n por parte de nuestros estudiantes de IV Medio, marcando as\u00ed el cierre del programa de Educaci\u00f3n Vial (Road Safety) impartido este a\u00f1o. Esta iniciativa, realizada en colaboraci\u00f3n con la Escuela de Conductores Huel\u00e9n, convierte a esta generaci\u00f3n en la primera del colegio en participar formalmente en [&hellip;]","previous_post_link":"https:\/\/www.manquecura.cl\/ciudad-de-los-valles\/noticias\/estudiantes-de-iv-medio-finalizan-curso-de-conduccion-en-el-marco-del-programa-de-educacion-vial\/","previous_post_class":["post-126446","post","type-post","status-publish","format-standard","has-post-thumbnail","hentry","category-vida-escolar"],"next_post_ID":126496,"next_post_title":"Colegio Manquecura Fomenta la Seguridad Vial con la Visita de la Escuela Abierta al Tr\u00e1nsito","next_post_excerpt":"En un esfuerzo por educar sobre la importancia del autocuidado y la convivencia responsable, el Colegio Manquecura Ciudad de los Valles tuvo el agrado de recibir la visita de la Escuela Abierta al Tr\u00e1nsito. Esta iniciativa educativa, que se enfoca en la formaci\u00f3n de futuros ciudadanos responsables, present\u00f3 una obra de teatro especialmente dise\u00f1ada para [&hellip;]","next_post_link":"https:\/\/www.manquecura.cl\/ciudad-de-los-valles\/noticias\/colegio-manquecura-fomenta-la-seguridad-vial-con-la-visita-de-la-escuela-abierta-al-transito\/","next_post_class":["post-126496","post","type-post","status-publish","format-standard","has-post-thumbnail","hentry","category-vida-escolar","tag-autocuidado","tag-colegio-manquecura-ciudad-de-los-valles","tag-educacion-basica","tag-educacion-vial","tag-escuela-abierta-al-transito","tag-noticias-manquecura","tag-obra-de-teatro-escolar","tag-preescolar","tag-seguridad-vial"],"jetpack_sharing_enabled":true,"_links":{"self":[{"href":"https:\/\/www.manquecura.cl\/ciudad-de-los-valles\/wp-json\/wp\/v2\/posts\/126493","targetHints":{"allow":["GET"]}}],"collection":[{"href":"https:\/\/www.manquecura.cl\/ciudad-de-los-valles\/wp-json\/wp\/v2\/posts"}],"about":[{"href":"https:\/\/www.manquecura.cl\/ciudad-de-los-valles\/wp-json\/wp\/v2\/types\/post"}],"author":[{"embeddable":true,"href":"https:\/\/www.manquecura.cl\/ciudad-de-los-valles\/wp-json\/wp\/v2\/users\/34"}],"replies":[{"embeddable":true,"href":"https:\/\/www.manquecura.cl\/ciudad-de-los-valles\/wp-json\/wp\/v2\/comments?post=126493"}],"version-history":[{"count":1,"href":"https:\/\/www.manquecura.cl\/ciudad-de-los-valles\/wp-json\/wp\/v2\/posts\/126493\/revisions"}],"predecessor-version":[{"id":126495,"href":"https:\/\/www.manquecura.cl\/ciudad-de-los-valles\/wp-json\/wp\/v2\/posts\/126493\/revisions\/126495"}],"wp:featuredmedia":[{"embeddable":true,"href":"https:\/\/www.manquecura.cl\/ciudad-de-los-valles\/wp-json\/wp\/v2\/media\/126494"}],"wp:attachment":[{"href":"https:\/\/www.manquecura.cl\/ciudad-de-los-valles\/wp-json\/wp\/v2\/media?parent=126493"}],"wp:term":[{"taxonomy":"category","embeddable":true,"href":"https:\/\/www.manquecura.cl\/ciudad-de-los-valles\/wp-json\/wp\/v2\/categories?post=126493"},{"taxonomy":"post_tag","embeddable":true,"href":"https:\/\/www.manquecura.cl\/ciudad-de-los-valles\/wp-json\/wp\/v2\/tags?post=126493"}],"curies":[{"name":"wp","href":"https:\/\/api.w.org\/{rel}","templated":true}]}}