{"id":126449,"date":"2025-06-06T18:28:13","date_gmt":"2025-06-06T18:28:13","guid":{"rendered":"https:\/\/www.manquecura.cl\/ciudad-de-los-valles\/?p=126449"},"modified":"2025-06-18T19:30:29","modified_gmt":"2025-06-18T19:30:29","slug":"nos-sumamos-a-la-campana-mayo-vital-por-la-seguridad-vial","status":"publish","type":"post","link":"https:\/\/www.manquecura.cl\/ciudad-de-los-valles\/noticias\/nos-sumamos-a-la-campana-mayo-vital-por-la-seguridad-vial\/","title":{"rendered":"Nos Sumamos a la Campa\u00f1a &#8220;Mayo Vital&#8221; por la Seguridad Vial"},"content":{"rendered":"<div style=\"width: 848px;\" class=\"wp-video\"><video class=\"wp-video-shortcode\" id=\"video-126449-2\" width=\"848\" height=\"480\" preload=\"metadata\" controls=\"controls\"><source type=\"video\/mp4\" src=\"https:\/\/www.manquecura.cl\/ciudad-de-los-valles\/wp-content\/uploads\/sites\/42\/2025\/06\/VIDEO-2025-05-28-12-11-03.mp4?_=2\" \/><a href=\"https:\/\/www.manquecura.cl\/ciudad-de-los-valles\/wp-content\/uploads\/sites\/42\/2025\/06\/VIDEO-2025-05-28-12-11-03.mp4\">https:\/\/www.manquecura.cl\/ciudad-de-los-valles\/wp-content\/uploads\/sites\/42\/2025\/06\/VIDEO-2025-05-28-12-11-03.mp4<\/a><\/video><\/div>\n<p data-start=\"202\" data-end=\"398\">\u00bfSab\u00edas que mayo es el Mes de la Seguridad Vial? Se trata de una tem\u00e1tica que nos involucra a todos y donde la conciencia colectiva puede marcar la diferencia para evitar accidentes en las calles.<\/p>\n<p data-start=\"400\" data-end=\"695\">En este contexto, durante el mes de mayo nos unimos a la campa\u00f1a <strong data-start=\"465\" data-end=\"481\">&#8220;Mayo Vital&#8221;<\/strong>, impulsada por el Ministerio de Transportes y CONASET, con el objetivo de apoyar medidas que contribuyan a reducir los siniestros viales y entregar consejos \u00fatiles de prevenci\u00f3n a toda nuestra comunidad educativa.<\/p>\n<p data-start=\"697\" data-end=\"964\">Los m\u00e1s peque\u00f1os tambi\u00e9n fueron protagonistas: los ni\u00f1os y ni\u00f1as de nivel preescolar participaron en actividades educativas orientadas a reconocer situaciones seguras e inseguras en su entorno, fomentando el autocuidado como peatones, pasajeros y futuros conductores.<\/p>\n<p data-start=\"966\" data-end=\"1092\">Con iniciativas como esta, seguimos formando una comunidad m\u00e1s segura, responsable y comprometida con el bienestar de todos.<\/p>\n"},"excerpt":{"rendered":"<p>\u00bfSab\u00edas que mayo es el Mes de la Seguridad Vial? Se trata de una tem\u00e1tica que nos involucra a todos y donde la conciencia colectiva puede marcar la diferencia para evitar accidentes en las calles. En este contexto, durante el mes de mayo nos unimos a la campa\u00f1a &#8220;Mayo Vital&#8221;, impulsada por el Ministerio de [&hellip;]<\/p>\n","protected":false},"author":34,"featured_media":126452,"comment_status":"open","ping_status":"open","sticky":false,"template":"","format":"standard","meta":{"_acf_changed":false,"content-type":"","_jetpack_memberships_contains_paid_content":false,"footnotes":""},"categories":[1],"tags":[],"class_list":["post-126449","post","type-post","status-publish","format-standard","has-post-thumbnail","hentry","category-vida-escolar"],"acf":[],"yoast_head":"<!-- This site is optimized with the Yoast SEO plugin v27.1.1 - https:\/\/yoast.com\/product\/yoast-seo-wordpress\/ -->\n<title>Nos Sumamos a la Campa\u00f1a &quot;Mayo Vital&quot; por la Seguridad Vial - Colegio Manquecura Ciudad de los Valles<\/title>\n<meta name=\"robots\" content=\"index, follow, max-snippet:-1, max-image-preview:large, max-video-preview:-1\" \/>\n<link rel=\"canonical\" href=\"https:\/\/www.manquecura.cl\/ciudad-de-los-valles\/noticias\/nos-sumamos-a-la-campana-mayo-vital-por-la-seguridad-vial\/\" \/>\n<meta property=\"og:locale\" content=\"es_ES\" \/>\n<meta property=\"og:type\" content=\"article\" \/>\n<meta property=\"og:title\" content=\"Nos Sumamos a la Campa\u00f1a &quot;Mayo Vital&quot; por la Seguridad Vial - Colegio Manquecura Ciudad de los Valles\" \/>\n<meta property=\"og:description\" content=\"\u00bfSab\u00edas que mayo es el Mes de la Seguridad Vial? Se trata de una tem\u00e1tica que nos involucra a todos y donde la conciencia colectiva puede marcar la diferencia para evitar accidentes en las calles. En este contexto, durante el mes de mayo nos unimos a la campa\u00f1a &#8220;Mayo Vital&#8221;, impulsada por el Ministerio de [&hellip;]\" \/>\n<meta property=\"og:url\" content=\"https:\/\/www.manquecura.cl\/ciudad-de-los-valles\/noticias\/nos-sumamos-a-la-campana-mayo-vital-por-la-seguridad-vial\/\" \/>\n<meta property=\"og:site_name\" content=\"Colegio Manquecura Ciudad de los Valles\" \/>\n<meta property=\"article:publisher\" content=\"http:\/\/www.facebook.com\/ColegiosManquecura\" \/>\n<meta property=\"article:published_time\" content=\"2025-06-06T18:28:13+00:00\" \/>\n<meta property=\"article:modified_time\" content=\"2025-06-18T19:30:29+00:00\" \/>\n<meta property=\"og:image\" content=\"https:\/\/www.manquecura.cl\/ciudad-de-los-valles\/wp-content\/uploads\/sites\/42\/2025\/06\/Road-Safety-Manquecura-Ciudad-de-Los-Valles-Pudahuel.png\" \/>\n\t<meta property=\"og:image:width\" content=\"1116\" \/>\n\t<meta property=\"og:image:height\" content=\"550\" \/>\n\t<meta property=\"og:image:type\" content=\"image\/png\" \/>\n<meta name=\"author\" content=\"danielacastro\" \/>\n<meta name=\"twitter:card\" content=\"summary_large_image\" \/>\n<meta name=\"twitter:label1\" content=\"Escrito por\" \/>\n\t<meta name=\"twitter:data1\" content=\"danielacastro\" \/>\n\t<meta name=\"twitter:label2\" content=\"Tiempo de lectura\" \/>\n\t<meta name=\"twitter:data2\" content=\"1 minuto\" \/>\n<script type=\"application\/ld+json\" class=\"yoast-schema-graph\">{\"@context\":\"https:\/\/schema.org\",\"@graph\":[{\"@type\":\"Article\",\"@id\":\"https:\/\/www.manquecura.cl\/ciudad-de-los-valles\/noticias\/nos-sumamos-a-la-campana-mayo-vital-por-la-seguridad-vial\/#article\",\"isPartOf\":{\"@id\":\"https:\/\/www.manquecura.cl\/ciudad-de-los-valles\/noticias\/nos-sumamos-a-la-campana-mayo-vital-por-la-seguridad-vial\/\"},\"author\":{\"name\":\"danielacastro\",\"@id\":\"https:\/\/www.manquecura.cl\/ciudad-de-los-valles\/#\/schema\/person\/5eb92a7b45165cdbdbb271bcdacc9d9e\"},\"headline\":\"Nos Sumamos a la Campa\u00f1a &#8220;Mayo Vital&#8221; por la Seguridad Vial\",\"datePublished\":\"2025-06-06T18:28:13+00:00\",\"dateModified\":\"2025-06-18T19:30:29+00:00\",\"mainEntityOfPage\":{\"@id\":\"https:\/\/www.manquecura.cl\/ciudad-de-los-valles\/noticias\/nos-sumamos-a-la-campana-mayo-vital-por-la-seguridad-vial\/\"},\"wordCount\":178,\"commentCount\":0,\"publisher\":{\"@id\":\"https:\/\/www.manquecura.cl\/ciudad-de-los-valles\/#organization\"},\"image\":{\"@id\":\"https:\/\/www.manquecura.cl\/ciudad-de-los-valles\/noticias\/nos-sumamos-a-la-campana-mayo-vital-por-la-seguridad-vial\/#primaryimage\"},\"thumbnailUrl\":\"https:\/\/www.manquecura.cl\/ciudad-de-los-valles\/wp-content\/uploads\/sites\/42\/2025\/06\/Road-Safety-Manquecura-Ciudad-de-Los-Valles-Pudahuel.png\",\"articleSection\":[\"Vida Escolar\"],\"inLanguage\":\"es\",\"potentialAction\":[{\"@type\":\"CommentAction\",\"name\":\"Comment\",\"target\":[\"https:\/\/www.manquecura.cl\/ciudad-de-los-valles\/noticias\/nos-sumamos-a-la-campana-mayo-vital-por-la-seguridad-vial\/#respond\"]}]},{\"@type\":\"WebPage\",\"@id\":\"https:\/\/www.manquecura.cl\/ciudad-de-los-valles\/noticias\/nos-sumamos-a-la-campana-mayo-vital-por-la-seguridad-vial\/\",\"url\":\"https:\/\/www.manquecura.cl\/ciudad-de-los-valles\/noticias\/nos-sumamos-a-la-campana-mayo-vital-por-la-seguridad-vial\/\",\"name\":\"Nos Sumamos a la Campa\u00f1a \\\"Mayo Vital\\\" por la Seguridad Vial - Colegio Manquecura Ciudad de los Valles\",\"isPartOf\":{\"@id\":\"https:\/\/www.manquecura.cl\/ciudad-de-los-valles\/#website\"},\"primaryImageOfPage\":{\"@id\":\"https:\/\/www.manquecura.cl\/ciudad-de-los-valles\/noticias\/nos-sumamos-a-la-campana-mayo-vital-por-la-seguridad-vial\/#primaryimage\"},\"image\":{\"@id\":\"https:\/\/www.manquecura.cl\/ciudad-de-los-valles\/noticias\/nos-sumamos-a-la-campana-mayo-vital-por-la-seguridad-vial\/#primaryimage\"},\"thumbnailUrl\":\"https:\/\/www.manquecura.cl\/ciudad-de-los-valles\/wp-content\/uploads\/sites\/42\/2025\/06\/Road-Safety-Manquecura-Ciudad-de-Los-Valles-Pudahuel.png\",\"datePublished\":\"2025-06-06T18:28:13+00:00\",\"dateModified\":\"2025-06-18T19:30:29+00:00\",\"breadcrumb\":{\"@id\":\"https:\/\/www.manquecura.cl\/ciudad-de-los-valles\/noticias\/nos-sumamos-a-la-campana-mayo-vital-por-la-seguridad-vial\/#breadcrumb\"},\"inLanguage\":\"es\",\"potentialAction\":[{\"@type\":\"ReadAction\",\"target\":[\"https:\/\/www.manquecura.cl\/ciudad-de-los-valles\/noticias\/nos-sumamos-a-la-campana-mayo-vital-por-la-seguridad-vial\/\"]}]},{\"@type\":\"ImageObject\",\"inLanguage\":\"es\",\"@id\":\"https:\/\/www.manquecura.cl\/ciudad-de-los-valles\/noticias\/nos-sumamos-a-la-campana-mayo-vital-por-la-seguridad-vial\/#primaryimage\",\"url\":\"https:\/\/www.manquecura.cl\/ciudad-de-los-valles\/wp-content\/uploads\/sites\/42\/2025\/06\/Road-Safety-Manquecura-Ciudad-de-Los-Valles-Pudahuel.png\",\"contentUrl\":\"https:\/\/www.manquecura.cl\/ciudad-de-los-valles\/wp-content\/uploads\/sites\/42\/2025\/06\/Road-Safety-Manquecura-Ciudad-de-Los-Valles-Pudahuel.png\",\"width\":1116,\"height\":550},{\"@type\":\"BreadcrumbList\",\"@id\":\"https:\/\/www.manquecura.cl\/ciudad-de-los-valles\/noticias\/nos-sumamos-a-la-campana-mayo-vital-por-la-seguridad-vial\/#breadcrumb\",\"itemListElement\":[{\"@type\":\"ListItem\",\"position\":1,\"name\":\"Home\",\"item\":\"https:\/\/www.manquecura.cl\/ciudad-de-los-valles\/\"},{\"@type\":\"ListItem\",\"position\":2,\"name\":\"Nos Sumamos a la Campa\u00f1a &#8220;Mayo Vital&#8221; por la Seguridad Vial\"}]},{\"@type\":\"WebSite\",\"@id\":\"https:\/\/www.manquecura.cl\/ciudad-de-los-valles\/#website\",\"url\":\"https:\/\/www.manquecura.cl\/ciudad-de-los-valles\/\",\"name\":\"Colegio Manquecura Ciudad de los Valles\",\"description\":\"Cognita Schools\",\"publisher\":{\"@id\":\"https:\/\/www.manquecura.cl\/ciudad-de-los-valles\/#organization\"},\"potentialAction\":[{\"@type\":\"SearchAction\",\"target\":{\"@type\":\"EntryPoint\",\"urlTemplate\":\"https:\/\/www.manquecura.cl\/ciudad-de-los-valles\/?s={search_term_string}\"},\"query-input\":{\"@type\":\"PropertyValueSpecification\",\"valueRequired\":true,\"valueName\":\"search_term_string\"}}],\"inLanguage\":\"es\"},{\"@type\":\"Organization\",\"@id\":\"https:\/\/www.manquecura.cl\/ciudad-de-los-valles\/#organization\",\"name\":\"Colegio Manquecura Ciudad de los Valles\",\"url\":\"https:\/\/www.manquecura.cl\/ciudad-de-los-valles\/\",\"logo\":{\"@type\":\"ImageObject\",\"inLanguage\":\"es\",\"@id\":\"https:\/\/www.manquecura.cl\/ciudad-de-los-valles\/#\/schema\/logo\/image\/\",\"url\":\"https:\/\/www.manquecura.cl\/ciudad-de-los-valles\/wp-content\/uploads\/sites\/42\/2025\/02\/logo_Manquecura_Ciudad-de-Los-Valles_horizontal_color.jpg\",\"contentUrl\":\"https:\/\/www.manquecura.cl\/ciudad-de-los-valles\/wp-content\/uploads\/sites\/42\/2025\/02\/logo_Manquecura_Ciudad-de-Los-Valles_horizontal_color.jpg\",\"width\":599,\"height\":179,\"caption\":\"Colegio Manquecura Ciudad de los Valles\"},\"image\":{\"@id\":\"https:\/\/www.manquecura.cl\/ciudad-de-los-valles\/#\/schema\/logo\/image\/\"},\"sameAs\":[\"http:\/\/www.facebook.com\/ColegiosManquecura\",\"https:\/\/www.manquecura.cl\/ciudad-de-los-valles\/\",\"http:\/\/www.youtube.com\/c\/CognitaChile\"]},{\"@type\":\"Person\",\"@id\":\"https:\/\/www.manquecura.cl\/ciudad-de-los-valles\/#\/schema\/person\/5eb92a7b45165cdbdbb271bcdacc9d9e\",\"name\":\"danielacastro\",\"image\":{\"@type\":\"ImageObject\",\"inLanguage\":\"es\",\"@id\":\"https:\/\/www.manquecura.cl\/ciudad-de-los-valles\/#\/schema\/person\/image\/\",\"url\":\"https:\/\/secure.gravatar.com\/avatar\/16a603f2cc3ad485cabfe7c59b923050a809d8344cba940b4148737780592211?s=96&d=mm&r=g\",\"contentUrl\":\"https:\/\/secure.gravatar.com\/avatar\/16a603f2cc3ad485cabfe7c59b923050a809d8344cba940b4148737780592211?s=96&d=mm&r=g\",\"caption\":\"danielacastro\"}}]}<\/script>\n<!-- \/ Yoast SEO plugin. -->","yoast_head_json":{"title":"Nos Sumamos a la Campa\u00f1a \"Mayo Vital\" por la Seguridad Vial - Colegio Manquecura Ciudad de los Valles","robots":{"index":"index","follow":"follow","max-snippet":"max-snippet:-1","max-image-preview":"max-image-preview:large","max-video-preview":"max-video-preview:-1"},"canonical":"https:\/\/www.manquecura.cl\/ciudad-de-los-valles\/noticias\/nos-sumamos-a-la-campana-mayo-vital-por-la-seguridad-vial\/","og_locale":"es_ES","og_type":"article","og_title":"Nos Sumamos a la Campa\u00f1a \"Mayo Vital\" por la Seguridad Vial - Colegio Manquecura Ciudad de los Valles","og_description":"\u00bfSab\u00edas que mayo es el Mes de la Seguridad Vial? Se trata de una tem\u00e1tica que nos involucra a todos y donde la conciencia colectiva puede marcar la diferencia para evitar accidentes en las calles. En este contexto, durante el mes de mayo nos unimos a la campa\u00f1a &#8220;Mayo Vital&#8221;, impulsada por el Ministerio de [&hellip;]","og_url":"https:\/\/www.manquecura.cl\/ciudad-de-los-valles\/noticias\/nos-sumamos-a-la-campana-mayo-vital-por-la-seguridad-vial\/","og_site_name":"Colegio Manquecura Ciudad de los Valles","article_publisher":"http:\/\/www.facebook.com\/ColegiosManquecura","article_published_time":"2025-06-06T18:28:13+00:00","article_modified_time":"2025-06-18T19:30:29+00:00","og_image":[{"width":1116,"height":550,"url":"https:\/\/www.manquecura.cl\/ciudad-de-los-valles\/wp-content\/uploads\/sites\/42\/2025\/06\/Road-Safety-Manquecura-Ciudad-de-Los-Valles-Pudahuel.png","type":"image\/png"}],"author":"danielacastro","twitter_card":"summary_large_image","twitter_misc":{"Escrito por":"danielacastro","Tiempo de lectura":"1 minuto"},"schema":{"@context":"https:\/\/schema.org","@graph":[{"@type":"Article","@id":"https:\/\/www.manquecura.cl\/ciudad-de-los-valles\/noticias\/nos-sumamos-a-la-campana-mayo-vital-por-la-seguridad-vial\/#article","isPartOf":{"@id":"https:\/\/www.manquecura.cl\/ciudad-de-los-valles\/noticias\/nos-sumamos-a-la-campana-mayo-vital-por-la-seguridad-vial\/"},"author":{"name":"danielacastro","@id":"https:\/\/www.manquecura.cl\/ciudad-de-los-valles\/#\/schema\/person\/5eb92a7b45165cdbdbb271bcdacc9d9e"},"headline":"Nos Sumamos a la Campa\u00f1a &#8220;Mayo Vital&#8221; por la Seguridad Vial","datePublished":"2025-06-06T18:28:13+00:00","dateModified":"2025-06-18T19:30:29+00:00","mainEntityOfPage":{"@id":"https:\/\/www.manquecura.cl\/ciudad-de-los-valles\/noticias\/nos-sumamos-a-la-campana-mayo-vital-por-la-seguridad-vial\/"},"wordCount":178,"commentCount":0,"publisher":{"@id":"https:\/\/www.manquecura.cl\/ciudad-de-los-valles\/#organization"},"image":{"@id":"https:\/\/www.manquecura.cl\/ciudad-de-los-valles\/noticias\/nos-sumamos-a-la-campana-mayo-vital-por-la-seguridad-vial\/#primaryimage"},"thumbnailUrl":"https:\/\/www.manquecura.cl\/ciudad-de-los-valles\/wp-content\/uploads\/sites\/42\/2025\/06\/Road-Safety-Manquecura-Ciudad-de-Los-Valles-Pudahuel.png","articleSection":["Vida Escolar"],"inLanguage":"es","potentialAction":[{"@type":"CommentAction","name":"Comment","target":["https:\/\/www.manquecura.cl\/ciudad-de-los-valles\/noticias\/nos-sumamos-a-la-campana-mayo-vital-por-la-seguridad-vial\/#respond"]}]},{"@type":"WebPage","@id":"https:\/\/www.manquecura.cl\/ciudad-de-los-valles\/noticias\/nos-sumamos-a-la-campana-mayo-vital-por-la-seguridad-vial\/","url":"https:\/\/www.manquecura.cl\/ciudad-de-los-valles\/noticias\/nos-sumamos-a-la-campana-mayo-vital-por-la-seguridad-vial\/","name":"Nos Sumamos a la Campa\u00f1a \"Mayo Vital\" por la Seguridad Vial - Colegio Manquecura Ciudad de los Valles","isPartOf":{"@id":"https:\/\/www.manquecura.cl\/ciudad-de-los-valles\/#website"},"primaryImageOfPage":{"@id":"https:\/\/www.manquecura.cl\/ciudad-de-los-valles\/noticias\/nos-sumamos-a-la-campana-mayo-vital-por-la-seguridad-vial\/#primaryimage"},"image":{"@id":"https:\/\/www.manquecura.cl\/ciudad-de-los-valles\/noticias\/nos-sumamos-a-la-campana-mayo-vital-por-la-seguridad-vial\/#primaryimage"},"thumbnailUrl":"https:\/\/www.manquecura.cl\/ciudad-de-los-valles\/wp-content\/uploads\/sites\/42\/2025\/06\/Road-Safety-Manquecura-Ciudad-de-Los-Valles-Pudahuel.png","datePublished":"2025-06-06T18:28:13+00:00","dateModified":"2025-06-18T19:30:29+00:00","breadcrumb":{"@id":"https:\/\/www.manquecura.cl\/ciudad-de-los-valles\/noticias\/nos-sumamos-a-la-campana-mayo-vital-por-la-seguridad-vial\/#breadcrumb"},"inLanguage":"es","potentialAction":[{"@type":"ReadAction","target":["https:\/\/www.manquecura.cl\/ciudad-de-los-valles\/noticias\/nos-sumamos-a-la-campana-mayo-vital-por-la-seguridad-vial\/"]}]},{"@type":"ImageObject","inLanguage":"es","@id":"https:\/\/www.manquecura.cl\/ciudad-de-los-valles\/noticias\/nos-sumamos-a-la-campana-mayo-vital-por-la-seguridad-vial\/#primaryimage","url":"https:\/\/www.manquecura.cl\/ciudad-de-los-valles\/wp-content\/uploads\/sites\/42\/2025\/06\/Road-Safety-Manquecura-Ciudad-de-Los-Valles-Pudahuel.png","contentUrl":"https:\/\/www.manquecura.cl\/ciudad-de-los-valles\/wp-content\/uploads\/sites\/42\/2025\/06\/Road-Safety-Manquecura-Ciudad-de-Los-Valles-Pudahuel.png","width":1116,"height":550},{"@type":"BreadcrumbList","@id":"https:\/\/www.manquecura.cl\/ciudad-de-los-valles\/noticias\/nos-sumamos-a-la-campana-mayo-vital-por-la-seguridad-vial\/#breadcrumb","itemListElement":[{"@type":"ListItem","position":1,"name":"Home","item":"https:\/\/www.manquecura.cl\/ciudad-de-los-valles\/"},{"@type":"ListItem","position":2,"name":"Nos Sumamos a la Campa\u00f1a &#8220;Mayo Vital&#8221; por la Seguridad Vial"}]},{"@type":"WebSite","@id":"https:\/\/www.manquecura.cl\/ciudad-de-los-valles\/#website","url":"https:\/\/www.manquecura.cl\/ciudad-de-los-valles\/","name":"Colegio Manquecura Ciudad de los Valles","description":"Cognita Schools","publisher":{"@id":"https:\/\/www.manquecura.cl\/ciudad-de-los-valles\/#organization"},"potentialAction":[{"@type":"SearchAction","target":{"@type":"EntryPoint","urlTemplate":"https:\/\/www.manquecura.cl\/ciudad-de-los-valles\/?s={search_term_string}"},"query-input":{"@type":"PropertyValueSpecification","valueRequired":true,"valueName":"search_term_string"}}],"inLanguage":"es"},{"@type":"Organization","@id":"https:\/\/www.manquecura.cl\/ciudad-de-los-valles\/#organization","name":"Colegio Manquecura Ciudad de los Valles","url":"https:\/\/www.manquecura.cl\/ciudad-de-los-valles\/","logo":{"@type":"ImageObject","inLanguage":"es","@id":"https:\/\/www.manquecura.cl\/ciudad-de-los-valles\/#\/schema\/logo\/image\/","url":"https:\/\/www.manquecura.cl\/ciudad-de-los-valles\/wp-content\/uploads\/sites\/42\/2025\/02\/logo_Manquecura_Ciudad-de-Los-Valles_horizontal_color.jpg","contentUrl":"https:\/\/www.manquecura.cl\/ciudad-de-los-valles\/wp-content\/uploads\/sites\/42\/2025\/02\/logo_Manquecura_Ciudad-de-Los-Valles_horizontal_color.jpg","width":599,"height":179,"caption":"Colegio Manquecura Ciudad de los Valles"},"image":{"@id":"https:\/\/www.manquecura.cl\/ciudad-de-los-valles\/#\/schema\/logo\/image\/"},"sameAs":["http:\/\/www.facebook.com\/ColegiosManquecura","https:\/\/www.manquecura.cl\/ciudad-de-los-valles\/","http:\/\/www.youtube.com\/c\/CognitaChile"]},{"@type":"Person","@id":"https:\/\/www.manquecura.cl\/ciudad-de-los-valles\/#\/schema\/person\/5eb92a7b45165cdbdbb271bcdacc9d9e","name":"danielacastro","image":{"@type":"ImageObject","inLanguage":"es","@id":"https:\/\/www.manquecura.cl\/ciudad-de-los-valles\/#\/schema\/person\/image\/","url":"https:\/\/secure.gravatar.com\/avatar\/16a603f2cc3ad485cabfe7c59b923050a809d8344cba940b4148737780592211?s=96&d=mm&r=g","contentUrl":"https:\/\/secure.gravatar.com\/avatar\/16a603f2cc3ad485cabfe7c59b923050a809d8344cba940b4148737780592211?s=96&d=mm&r=g","caption":"danielacastro"}}]}},"jetpack_featured_media_url":"https:\/\/www.manquecura.cl\/ciudad-de-los-valles\/wp-content\/uploads\/sites\/42\/2025\/06\/Road-Safety-Manquecura-Ciudad-de-Los-Valles-Pudahuel.png","previous_post_ID":126468,"previous_post_title":"Premiaci\u00f3n Concurso Literario","previous_post_excerpt":"Hemos culminado una actividad maravillosa que, como colegio, nos llena de orgullo y alegr\u00eda compartir con toda nuestra comunidad educativa. Nuestro Departamento de Lenguaje, en conjunto con la Biblioteca, llev\u00f3 a cabo la premiaci\u00f3n del Concurso Literario, una instancia en la que nuestros estudiantes y apoderados fueron los verdaderos protagonistas, al compartir sus hermosas y [&hellip;]","previous_post_link":"https:\/\/www.manquecura.cl\/ciudad-de-los-valles\/noticias\/premiacion-concurso-literario\/","previous_post_class":["post-126468","post","type-post","status-publish","format-standard","has-post-thumbnail","hentry","category-vida-escolar"],"next_post_ID":126446,"next_post_title":"Estudiantes de IV Medio Finalizan Curso de Conducci\u00f3n en el Marco del Programa de Educaci\u00f3n Vial","next_post_excerpt":"Con orgullo, celebramos la finalizaci\u00f3n del curso de conducci\u00f3n por parte de nuestros estudiantes de IV Medio, marcando as\u00ed el cierre del programa de Educaci\u00f3n Vial (Road Safety) impartido este a\u00f1o. Esta iniciativa, realizada en colaboraci\u00f3n con la Escuela de Conductores Huel\u00e9n, convierte a esta generaci\u00f3n en la primera del colegio en participar formalmente en [&hellip;]","next_post_link":"https:\/\/www.manquecura.cl\/ciudad-de-los-valles\/noticias\/estudiantes-de-iv-medio-finalizan-curso-de-conduccion-en-el-marco-del-programa-de-educacion-vial\/","next_post_class":["post-126446","post","type-post","status-publish","format-standard","has-post-thumbnail","hentry","category-vida-escolar"],"jetpack_sharing_enabled":true,"_links":{"self":[{"href":"https:\/\/www.manquecura.cl\/ciudad-de-los-valles\/wp-json\/wp\/v2\/posts\/126449","targetHints":{"allow":["GET"]}}],"collection":[{"href":"https:\/\/www.manquecura.cl\/ciudad-de-los-valles\/wp-json\/wp\/v2\/posts"}],"about":[{"href":"https:\/\/www.manquecura.cl\/ciudad-de-los-valles\/wp-json\/wp\/v2\/types\/post"}],"author":[{"embeddable":true,"href":"https:\/\/www.manquecura.cl\/ciudad-de-los-valles\/wp-json\/wp\/v2\/users\/34"}],"replies":[{"embeddable":true,"href":"https:\/\/www.manquecura.cl\/ciudad-de-los-valles\/wp-json\/wp\/v2\/comments?post=126449"}],"version-history":[{"count":1,"href":"https:\/\/www.manquecura.cl\/ciudad-de-los-valles\/wp-json\/wp\/v2\/posts\/126449\/revisions"}],"predecessor-version":[{"id":126451,"href":"https:\/\/www.manquecura.cl\/ciudad-de-los-valles\/wp-json\/wp\/v2\/posts\/126449\/revisions\/126451"}],"wp:featuredmedia":[{"embeddable":true,"href":"https:\/\/www.manquecura.cl\/ciudad-de-los-valles\/wp-json\/wp\/v2\/media\/126452"}],"wp:attachment":[{"href":"https:\/\/www.manquecura.cl\/ciudad-de-los-valles\/wp-json\/wp\/v2\/media?parent=126449"}],"wp:term":[{"taxonomy":"category","embeddable":true,"href":"https:\/\/www.manquecura.cl\/ciudad-de-los-valles\/wp-json\/wp\/v2\/categories?post=126449"},{"taxonomy":"post_tag","embeddable":true,"href":"https:\/\/www.manquecura.cl\/ciudad-de-los-valles\/wp-json\/wp\/v2\/tags?post=126449"}],"curies":[{"name":"wp","href":"https:\/\/api.w.org\/{rel}","templated":true}]}}