{"id":126396,"date":"2025-04-03T16:52:09","date_gmt":"2025-04-03T16:52:09","guid":{"rendered":"https:\/\/www.manquecura.cl\/ciudad-de-los-valles\/?p=126396"},"modified":"2025-04-08T21:03:37","modified_gmt":"2025-04-08T21:03:37","slug":"exitosa-jornada-familiar-que-unio-a-la-comunidad","status":"publish","type":"post","link":"https:\/\/www.manquecura.cl\/ciudad-de-los-valles\/noticias\/exitosa-jornada-familiar-que-unio-a-la-comunidad\/","title":{"rendered":"Exitosa Jornada Familiar que uni\u00f3 a la comunidad"},"content":{"rendered":"<p>El Colegio Manquecura Ciudad de Los Valles abri\u00f3 sus puertas para recibir a su comunidad en una nueva versi\u00f3n de la Jornada Familiar. El evento que se realiz\u00f3 el 29 de marzo se convirti\u00f3 en un vibrante espacio de encuentro y diversi\u00f3n, fortaleciendo los lazos que unen a la familia escolar en un ambiente de alegr\u00eda y camarader\u00eda.<\/p>\n<p>Esta jornada recreativa estuvo a cargo de los profesores de Educaci\u00f3n F\u00edsica y Educadoras de P\u00e1rvulo, quienes armaron una programaci\u00f3n llena de juegos y actividades pensadas para todas las edades. Desde competencias deportivas hasta din\u00e1micas recreativas y estaciones de juego creativo, busc\u00f3 que todos los asistentes participaran activamente.<\/p>\n<p>La masiva asistencia mostr\u00f3 que, para la comunidad escolar, las actividades que se realizan al interior del colegio son muy importantes y donde los estudiantes, familias y equipo docente disfrutaron de un d\u00eda soleado lleno de risas y sana competencia.<\/p>\n<p>Fue una jornada en la que hubo participaci\u00f3n de todos los asistentes y quienes la convirtieron en un evento inolvidable, en el que incentivamos el deporte, la sana convivencia y la vida saludable.<\/p>\n"},"excerpt":{"rendered":"<p>El Colegio Manquecura Ciudad de Los Valles abri\u00f3 sus puertas para recibir a su comunidad en una nueva versi\u00f3n de la Jornada Familiar. El evento que se realiz\u00f3 el 29 de marzo se convirti\u00f3 en un vibrante espacio de encuentro y diversi\u00f3n, fortaleciendo los lazos que unen a la familia escolar en un ambiente de [&hellip;]<\/p>\n","protected":false},"author":34,"featured_media":126397,"comment_status":"open","ping_status":"open","sticky":false,"template":"","format":"standard","meta":{"_acf_changed":false,"content-type":"","_jetpack_memberships_contains_paid_content":false,"footnotes":""},"categories":[1],"tags":[],"class_list":["post-126396","post","type-post","status-publish","format-standard","has-post-thumbnail","hentry","category-vida-escolar"],"acf":[],"yoast_head":"<!-- This site is optimized with the Yoast SEO plugin v27.1.1 - https:\/\/yoast.com\/product\/yoast-seo-wordpress\/ -->\n<title>Exitosa Jornada Familiar que uni\u00f3 a la comunidad - Colegio Manquecura Ciudad de los Valles<\/title>\n<meta name=\"robots\" content=\"index, follow, max-snippet:-1, max-image-preview:large, max-video-preview:-1\" \/>\n<link rel=\"canonical\" href=\"https:\/\/www.manquecura.cl\/ciudad-de-los-valles\/noticias\/exitosa-jornada-familiar-que-unio-a-la-comunidad\/\" \/>\n<meta property=\"og:locale\" content=\"es_ES\" \/>\n<meta property=\"og:type\" content=\"article\" \/>\n<meta property=\"og:title\" content=\"Exitosa Jornada Familiar que uni\u00f3 a la comunidad - Colegio Manquecura Ciudad de los Valles\" \/>\n<meta property=\"og:description\" content=\"El Colegio Manquecura Ciudad de Los Valles abri\u00f3 sus puertas para recibir a su comunidad en una nueva versi\u00f3n de la Jornada Familiar. El evento que se realiz\u00f3 el 29 de marzo se convirti\u00f3 en un vibrante espacio de encuentro y diversi\u00f3n, fortaleciendo los lazos que unen a la familia escolar en un ambiente de [&hellip;]\" \/>\n<meta property=\"og:url\" content=\"https:\/\/www.manquecura.cl\/ciudad-de-los-valles\/noticias\/exitosa-jornada-familiar-que-unio-a-la-comunidad\/\" \/>\n<meta property=\"og:site_name\" content=\"Colegio Manquecura Ciudad de los Valles\" \/>\n<meta property=\"article:publisher\" content=\"http:\/\/www.facebook.com\/ColegiosManquecura\" \/>\n<meta property=\"article:published_time\" content=\"2025-04-03T16:52:09+00:00\" \/>\n<meta property=\"article:modified_time\" content=\"2025-04-08T21:03:37+00:00\" \/>\n<meta property=\"og:image\" content=\"https:\/\/www.manquecura.cl\/ciudad-de-los-valles\/wp-content\/uploads\/sites\/42\/2025\/04\/Manquecura-Ciudad-De-Los-Valles-Jornada-Deportiva.png\" \/>\n\t<meta property=\"og:image:width\" content=\"1116\" \/>\n\t<meta property=\"og:image:height\" content=\"550\" \/>\n\t<meta property=\"og:image:type\" content=\"image\/png\" \/>\n<meta name=\"author\" content=\"danielacastro\" \/>\n<meta name=\"twitter:card\" content=\"summary_large_image\" \/>\n<meta name=\"twitter:label1\" content=\"Escrito por\" \/>\n\t<meta name=\"twitter:data1\" content=\"danielacastro\" \/>\n\t<meta name=\"twitter:label2\" content=\"Tiempo de lectura\" \/>\n\t<meta name=\"twitter:data2\" content=\"2 minutos\" \/>\n<script type=\"application\/ld+json\" class=\"yoast-schema-graph\">{\"@context\":\"https:\/\/schema.org\",\"@graph\":[{\"@type\":\"Article\",\"@id\":\"https:\/\/www.manquecura.cl\/ciudad-de-los-valles\/noticias\/exitosa-jornada-familiar-que-unio-a-la-comunidad\/#article\",\"isPartOf\":{\"@id\":\"https:\/\/www.manquecura.cl\/ciudad-de-los-valles\/noticias\/exitosa-jornada-familiar-que-unio-a-la-comunidad\/\"},\"author\":{\"name\":\"danielacastro\",\"@id\":\"https:\/\/www.manquecura.cl\/ciudad-de-los-valles\/#\/schema\/person\/5eb92a7b45165cdbdbb271bcdacc9d9e\"},\"headline\":\"Exitosa Jornada Familiar que uni\u00f3 a la comunidad\",\"datePublished\":\"2025-04-03T16:52:09+00:00\",\"dateModified\":\"2025-04-08T21:03:37+00:00\",\"mainEntityOfPage\":{\"@id\":\"https:\/\/www.manquecura.cl\/ciudad-de-los-valles\/noticias\/exitosa-jornada-familiar-que-unio-a-la-comunidad\/\"},\"wordCount\":197,\"commentCount\":0,\"publisher\":{\"@id\":\"https:\/\/www.manquecura.cl\/ciudad-de-los-valles\/#organization\"},\"image\":{\"@id\":\"https:\/\/www.manquecura.cl\/ciudad-de-los-valles\/noticias\/exitosa-jornada-familiar-que-unio-a-la-comunidad\/#primaryimage\"},\"thumbnailUrl\":\"https:\/\/www.manquecura.cl\/ciudad-de-los-valles\/wp-content\/uploads\/sites\/42\/2025\/04\/Manquecura-Ciudad-De-Los-Valles-Jornada-Deportiva.png\",\"articleSection\":[\"Vida Escolar\"],\"inLanguage\":\"es\",\"potentialAction\":[{\"@type\":\"CommentAction\",\"name\":\"Comment\",\"target\":[\"https:\/\/www.manquecura.cl\/ciudad-de-los-valles\/noticias\/exitosa-jornada-familiar-que-unio-a-la-comunidad\/#respond\"]}]},{\"@type\":\"WebPage\",\"@id\":\"https:\/\/www.manquecura.cl\/ciudad-de-los-valles\/noticias\/exitosa-jornada-familiar-que-unio-a-la-comunidad\/\",\"url\":\"https:\/\/www.manquecura.cl\/ciudad-de-los-valles\/noticias\/exitosa-jornada-familiar-que-unio-a-la-comunidad\/\",\"name\":\"Exitosa Jornada Familiar que uni\u00f3 a la comunidad - Colegio Manquecura Ciudad de los Valles\",\"isPartOf\":{\"@id\":\"https:\/\/www.manquecura.cl\/ciudad-de-los-valles\/#website\"},\"primaryImageOfPage\":{\"@id\":\"https:\/\/www.manquecura.cl\/ciudad-de-los-valles\/noticias\/exitosa-jornada-familiar-que-unio-a-la-comunidad\/#primaryimage\"},\"image\":{\"@id\":\"https:\/\/www.manquecura.cl\/ciudad-de-los-valles\/noticias\/exitosa-jornada-familiar-que-unio-a-la-comunidad\/#primaryimage\"},\"thumbnailUrl\":\"https:\/\/www.manquecura.cl\/ciudad-de-los-valles\/wp-content\/uploads\/sites\/42\/2025\/04\/Manquecura-Ciudad-De-Los-Valles-Jornada-Deportiva.png\",\"datePublished\":\"2025-04-03T16:52:09+00:00\",\"dateModified\":\"2025-04-08T21:03:37+00:00\",\"breadcrumb\":{\"@id\":\"https:\/\/www.manquecura.cl\/ciudad-de-los-valles\/noticias\/exitosa-jornada-familiar-que-unio-a-la-comunidad\/#breadcrumb\"},\"inLanguage\":\"es\",\"potentialAction\":[{\"@type\":\"ReadAction\",\"target\":[\"https:\/\/www.manquecura.cl\/ciudad-de-los-valles\/noticias\/exitosa-jornada-familiar-que-unio-a-la-comunidad\/\"]}]},{\"@type\":\"ImageObject\",\"inLanguage\":\"es\",\"@id\":\"https:\/\/www.manquecura.cl\/ciudad-de-los-valles\/noticias\/exitosa-jornada-familiar-que-unio-a-la-comunidad\/#primaryimage\",\"url\":\"https:\/\/www.manquecura.cl\/ciudad-de-los-valles\/wp-content\/uploads\/sites\/42\/2025\/04\/Manquecura-Ciudad-De-Los-Valles-Jornada-Deportiva.png\",\"contentUrl\":\"https:\/\/www.manquecura.cl\/ciudad-de-los-valles\/wp-content\/uploads\/sites\/42\/2025\/04\/Manquecura-Ciudad-De-Los-Valles-Jornada-Deportiva.png\",\"width\":1116,\"height\":550},{\"@type\":\"BreadcrumbList\",\"@id\":\"https:\/\/www.manquecura.cl\/ciudad-de-los-valles\/noticias\/exitosa-jornada-familiar-que-unio-a-la-comunidad\/#breadcrumb\",\"itemListElement\":[{\"@type\":\"ListItem\",\"position\":1,\"name\":\"Home\",\"item\":\"https:\/\/www.manquecura.cl\/ciudad-de-los-valles\/\"},{\"@type\":\"ListItem\",\"position\":2,\"name\":\"Exitosa Jornada Familiar que uni\u00f3 a la comunidad\"}]},{\"@type\":\"WebSite\",\"@id\":\"https:\/\/www.manquecura.cl\/ciudad-de-los-valles\/#website\",\"url\":\"https:\/\/www.manquecura.cl\/ciudad-de-los-valles\/\",\"name\":\"Colegio Manquecura Ciudad de los Valles\",\"description\":\"Cognita Schools\",\"publisher\":{\"@id\":\"https:\/\/www.manquecura.cl\/ciudad-de-los-valles\/#organization\"},\"potentialAction\":[{\"@type\":\"SearchAction\",\"target\":{\"@type\":\"EntryPoint\",\"urlTemplate\":\"https:\/\/www.manquecura.cl\/ciudad-de-los-valles\/?s={search_term_string}\"},\"query-input\":{\"@type\":\"PropertyValueSpecification\",\"valueRequired\":true,\"valueName\":\"search_term_string\"}}],\"inLanguage\":\"es\"},{\"@type\":\"Organization\",\"@id\":\"https:\/\/www.manquecura.cl\/ciudad-de-los-valles\/#organization\",\"name\":\"Colegio Manquecura Ciudad de los Valles\",\"url\":\"https:\/\/www.manquecura.cl\/ciudad-de-los-valles\/\",\"logo\":{\"@type\":\"ImageObject\",\"inLanguage\":\"es\",\"@id\":\"https:\/\/www.manquecura.cl\/ciudad-de-los-valles\/#\/schema\/logo\/image\/\",\"url\":\"https:\/\/www.manquecura.cl\/ciudad-de-los-valles\/wp-content\/uploads\/sites\/42\/2025\/02\/logo_Manquecura_Ciudad-de-Los-Valles_horizontal_color.jpg\",\"contentUrl\":\"https:\/\/www.manquecura.cl\/ciudad-de-los-valles\/wp-content\/uploads\/sites\/42\/2025\/02\/logo_Manquecura_Ciudad-de-Los-Valles_horizontal_color.jpg\",\"width\":599,\"height\":179,\"caption\":\"Colegio Manquecura Ciudad de los Valles\"},\"image\":{\"@id\":\"https:\/\/www.manquecura.cl\/ciudad-de-los-valles\/#\/schema\/logo\/image\/\"},\"sameAs\":[\"http:\/\/www.facebook.com\/ColegiosManquecura\",\"https:\/\/www.manquecura.cl\/ciudad-de-los-valles\/\",\"http:\/\/www.youtube.com\/c\/CognitaChile\"]},{\"@type\":\"Person\",\"@id\":\"https:\/\/www.manquecura.cl\/ciudad-de-los-valles\/#\/schema\/person\/5eb92a7b45165cdbdbb271bcdacc9d9e\",\"name\":\"danielacastro\",\"image\":{\"@type\":\"ImageObject\",\"inLanguage\":\"es\",\"@id\":\"https:\/\/www.manquecura.cl\/ciudad-de-los-valles\/#\/schema\/person\/image\/\",\"url\":\"https:\/\/secure.gravatar.com\/avatar\/16a603f2cc3ad485cabfe7c59b923050a809d8344cba940b4148737780592211?s=96&d=mm&r=g\",\"contentUrl\":\"https:\/\/secure.gravatar.com\/avatar\/16a603f2cc3ad485cabfe7c59b923050a809d8344cba940b4148737780592211?s=96&d=mm&r=g\",\"caption\":\"danielacastro\"}}]}<\/script>\n<!-- \/ Yoast SEO plugin. -->","yoast_head_json":{"title":"Exitosa Jornada Familiar que uni\u00f3 a la comunidad - Colegio Manquecura Ciudad de los Valles","robots":{"index":"index","follow":"follow","max-snippet":"max-snippet:-1","max-image-preview":"max-image-preview:large","max-video-preview":"max-video-preview:-1"},"canonical":"https:\/\/www.manquecura.cl\/ciudad-de-los-valles\/noticias\/exitosa-jornada-familiar-que-unio-a-la-comunidad\/","og_locale":"es_ES","og_type":"article","og_title":"Exitosa Jornada Familiar que uni\u00f3 a la comunidad - Colegio Manquecura Ciudad de los Valles","og_description":"El Colegio Manquecura Ciudad de Los Valles abri\u00f3 sus puertas para recibir a su comunidad en una nueva versi\u00f3n de la Jornada Familiar. El evento que se realiz\u00f3 el 29 de marzo se convirti\u00f3 en un vibrante espacio de encuentro y diversi\u00f3n, fortaleciendo los lazos que unen a la familia escolar en un ambiente de [&hellip;]","og_url":"https:\/\/www.manquecura.cl\/ciudad-de-los-valles\/noticias\/exitosa-jornada-familiar-que-unio-a-la-comunidad\/","og_site_name":"Colegio Manquecura Ciudad de los Valles","article_publisher":"http:\/\/www.facebook.com\/ColegiosManquecura","article_published_time":"2025-04-03T16:52:09+00:00","article_modified_time":"2025-04-08T21:03:37+00:00","og_image":[{"width":1116,"height":550,"url":"https:\/\/www.manquecura.cl\/ciudad-de-los-valles\/wp-content\/uploads\/sites\/42\/2025\/04\/Manquecura-Ciudad-De-Los-Valles-Jornada-Deportiva.png","type":"image\/png"}],"author":"danielacastro","twitter_card":"summary_large_image","twitter_misc":{"Escrito por":"danielacastro","Tiempo de lectura":"2 minutos"},"schema":{"@context":"https:\/\/schema.org","@graph":[{"@type":"Article","@id":"https:\/\/www.manquecura.cl\/ciudad-de-los-valles\/noticias\/exitosa-jornada-familiar-que-unio-a-la-comunidad\/#article","isPartOf":{"@id":"https:\/\/www.manquecura.cl\/ciudad-de-los-valles\/noticias\/exitosa-jornada-familiar-que-unio-a-la-comunidad\/"},"author":{"name":"danielacastro","@id":"https:\/\/www.manquecura.cl\/ciudad-de-los-valles\/#\/schema\/person\/5eb92a7b45165cdbdbb271bcdacc9d9e"},"headline":"Exitosa Jornada Familiar que uni\u00f3 a la comunidad","datePublished":"2025-04-03T16:52:09+00:00","dateModified":"2025-04-08T21:03:37+00:00","mainEntityOfPage":{"@id":"https:\/\/www.manquecura.cl\/ciudad-de-los-valles\/noticias\/exitosa-jornada-familiar-que-unio-a-la-comunidad\/"},"wordCount":197,"commentCount":0,"publisher":{"@id":"https:\/\/www.manquecura.cl\/ciudad-de-los-valles\/#organization"},"image":{"@id":"https:\/\/www.manquecura.cl\/ciudad-de-los-valles\/noticias\/exitosa-jornada-familiar-que-unio-a-la-comunidad\/#primaryimage"},"thumbnailUrl":"https:\/\/www.manquecura.cl\/ciudad-de-los-valles\/wp-content\/uploads\/sites\/42\/2025\/04\/Manquecura-Ciudad-De-Los-Valles-Jornada-Deportiva.png","articleSection":["Vida Escolar"],"inLanguage":"es","potentialAction":[{"@type":"CommentAction","name":"Comment","target":["https:\/\/www.manquecura.cl\/ciudad-de-los-valles\/noticias\/exitosa-jornada-familiar-que-unio-a-la-comunidad\/#respond"]}]},{"@type":"WebPage","@id":"https:\/\/www.manquecura.cl\/ciudad-de-los-valles\/noticias\/exitosa-jornada-familiar-que-unio-a-la-comunidad\/","url":"https:\/\/www.manquecura.cl\/ciudad-de-los-valles\/noticias\/exitosa-jornada-familiar-que-unio-a-la-comunidad\/","name":"Exitosa Jornada Familiar que uni\u00f3 a la comunidad - Colegio Manquecura Ciudad de los Valles","isPartOf":{"@id":"https:\/\/www.manquecura.cl\/ciudad-de-los-valles\/#website"},"primaryImageOfPage":{"@id":"https:\/\/www.manquecura.cl\/ciudad-de-los-valles\/noticias\/exitosa-jornada-familiar-que-unio-a-la-comunidad\/#primaryimage"},"image":{"@id":"https:\/\/www.manquecura.cl\/ciudad-de-los-valles\/noticias\/exitosa-jornada-familiar-que-unio-a-la-comunidad\/#primaryimage"},"thumbnailUrl":"https:\/\/www.manquecura.cl\/ciudad-de-los-valles\/wp-content\/uploads\/sites\/42\/2025\/04\/Manquecura-Ciudad-De-Los-Valles-Jornada-Deportiva.png","datePublished":"2025-04-03T16:52:09+00:00","dateModified":"2025-04-08T21:03:37+00:00","breadcrumb":{"@id":"https:\/\/www.manquecura.cl\/ciudad-de-los-valles\/noticias\/exitosa-jornada-familiar-que-unio-a-la-comunidad\/#breadcrumb"},"inLanguage":"es","potentialAction":[{"@type":"ReadAction","target":["https:\/\/www.manquecura.cl\/ciudad-de-los-valles\/noticias\/exitosa-jornada-familiar-que-unio-a-la-comunidad\/"]}]},{"@type":"ImageObject","inLanguage":"es","@id":"https:\/\/www.manquecura.cl\/ciudad-de-los-valles\/noticias\/exitosa-jornada-familiar-que-unio-a-la-comunidad\/#primaryimage","url":"https:\/\/www.manquecura.cl\/ciudad-de-los-valles\/wp-content\/uploads\/sites\/42\/2025\/04\/Manquecura-Ciudad-De-Los-Valles-Jornada-Deportiva.png","contentUrl":"https:\/\/www.manquecura.cl\/ciudad-de-los-valles\/wp-content\/uploads\/sites\/42\/2025\/04\/Manquecura-Ciudad-De-Los-Valles-Jornada-Deportiva.png","width":1116,"height":550},{"@type":"BreadcrumbList","@id":"https:\/\/www.manquecura.cl\/ciudad-de-los-valles\/noticias\/exitosa-jornada-familiar-que-unio-a-la-comunidad\/#breadcrumb","itemListElement":[{"@type":"ListItem","position":1,"name":"Home","item":"https:\/\/www.manquecura.cl\/ciudad-de-los-valles\/"},{"@type":"ListItem","position":2,"name":"Exitosa Jornada Familiar que uni\u00f3 a la comunidad"}]},{"@type":"WebSite","@id":"https:\/\/www.manquecura.cl\/ciudad-de-los-valles\/#website","url":"https:\/\/www.manquecura.cl\/ciudad-de-los-valles\/","name":"Colegio Manquecura Ciudad de los Valles","description":"Cognita Schools","publisher":{"@id":"https:\/\/www.manquecura.cl\/ciudad-de-los-valles\/#organization"},"potentialAction":[{"@type":"SearchAction","target":{"@type":"EntryPoint","urlTemplate":"https:\/\/www.manquecura.cl\/ciudad-de-los-valles\/?s={search_term_string}"},"query-input":{"@type":"PropertyValueSpecification","valueRequired":true,"valueName":"search_term_string"}}],"inLanguage":"es"},{"@type":"Organization","@id":"https:\/\/www.manquecura.cl\/ciudad-de-los-valles\/#organization","name":"Colegio Manquecura Ciudad de los Valles","url":"https:\/\/www.manquecura.cl\/ciudad-de-los-valles\/","logo":{"@type":"ImageObject","inLanguage":"es","@id":"https:\/\/www.manquecura.cl\/ciudad-de-los-valles\/#\/schema\/logo\/image\/","url":"https:\/\/www.manquecura.cl\/ciudad-de-los-valles\/wp-content\/uploads\/sites\/42\/2025\/02\/logo_Manquecura_Ciudad-de-Los-Valles_horizontal_color.jpg","contentUrl":"https:\/\/www.manquecura.cl\/ciudad-de-los-valles\/wp-content\/uploads\/sites\/42\/2025\/02\/logo_Manquecura_Ciudad-de-Los-Valles_horizontal_color.jpg","width":599,"height":179,"caption":"Colegio Manquecura Ciudad de los Valles"},"image":{"@id":"https:\/\/www.manquecura.cl\/ciudad-de-los-valles\/#\/schema\/logo\/image\/"},"sameAs":["http:\/\/www.facebook.com\/ColegiosManquecura","https:\/\/www.manquecura.cl\/ciudad-de-los-valles\/","http:\/\/www.youtube.com\/c\/CognitaChile"]},{"@type":"Person","@id":"https:\/\/www.manquecura.cl\/ciudad-de-los-valles\/#\/schema\/person\/5eb92a7b45165cdbdbb271bcdacc9d9e","name":"danielacastro","image":{"@type":"ImageObject","inLanguage":"es","@id":"https:\/\/www.manquecura.cl\/ciudad-de-los-valles\/#\/schema\/person\/image\/","url":"https:\/\/secure.gravatar.com\/avatar\/16a603f2cc3ad485cabfe7c59b923050a809d8344cba940b4148737780592211?s=96&d=mm&r=g","contentUrl":"https:\/\/secure.gravatar.com\/avatar\/16a603f2cc3ad485cabfe7c59b923050a809d8344cba940b4148737780592211?s=96&d=mm&r=g","caption":"danielacastro"}}]}},"jetpack_featured_media_url":"https:\/\/www.manquecura.cl\/ciudad-de-los-valles\/wp-content\/uploads\/sites\/42\/2025\/04\/Manquecura-Ciudad-De-Los-Valles-Jornada-Deportiva.png","previous_post_ID":17121,"previous_post_title":"La Generaci\u00f3n 2024 logr\u00f3 dos puntajes nacionales en prueba PAES","previous_post_excerpt":"Nos sentimos sumamente orgullosos de nuestros estudiantes, quienes han demostrado un nivel de excelencia acad\u00e9mica excepcional. Un reconocimiento especial a los puntajes m\u00e1ximos que obtuvo nuestro colegio y estos fueron: Matem\u00e1tica 1 Luciano Betancur Gonz\u00e1lez Mar\u00eda Jes\u00fas Rosales Soto Estos logros son el fruto del esfuerzo de nuestros estudiantes, el apoyo incondicional de sus familias [&hellip;]","previous_post_link":"https:\/\/www.manquecura.cl\/ciudad-de-los-valles\/noticias\/la-generacion-2024-logro-dos-puntajes-nacionales-en-prueba-paes\/","previous_post_class":["post-17121","post","type-post","status-publish","format-standard","has-post-thumbnail","hentry","category-vida-escolar"],"next_post_ID":126468,"next_post_title":"Premiaci\u00f3n Concurso Literario","next_post_excerpt":"Hemos culminado una actividad maravillosa que, como colegio, nos llena de orgullo y alegr\u00eda compartir con toda nuestra comunidad educativa. Nuestro Departamento de Lenguaje, en conjunto con la Biblioteca, llev\u00f3 a cabo la premiaci\u00f3n del Concurso Literario, una instancia en la que nuestros estudiantes y apoderados fueron los verdaderos protagonistas, al compartir sus hermosas y [&hellip;]","next_post_link":"https:\/\/www.manquecura.cl\/ciudad-de-los-valles\/noticias\/premiacion-concurso-literario\/","next_post_class":["post-126468","post","type-post","status-publish","format-standard","has-post-thumbnail","hentry","category-vida-escolar"],"jetpack_sharing_enabled":true,"_links":{"self":[{"href":"https:\/\/www.manquecura.cl\/ciudad-de-los-valles\/wp-json\/wp\/v2\/posts\/126396","targetHints":{"allow":["GET"]}}],"collection":[{"href":"https:\/\/www.manquecura.cl\/ciudad-de-los-valles\/wp-json\/wp\/v2\/posts"}],"about":[{"href":"https:\/\/www.manquecura.cl\/ciudad-de-los-valles\/wp-json\/wp\/v2\/types\/post"}],"author":[{"embeddable":true,"href":"https:\/\/www.manquecura.cl\/ciudad-de-los-valles\/wp-json\/wp\/v2\/users\/34"}],"replies":[{"embeddable":true,"href":"https:\/\/www.manquecura.cl\/ciudad-de-los-valles\/wp-json\/wp\/v2\/comments?post=126396"}],"version-history":[{"count":1,"href":"https:\/\/www.manquecura.cl\/ciudad-de-los-valles\/wp-json\/wp\/v2\/posts\/126396\/revisions"}],"predecessor-version":[{"id":126398,"href":"https:\/\/www.manquecura.cl\/ciudad-de-los-valles\/wp-json\/wp\/v2\/posts\/126396\/revisions\/126398"}],"wp:featuredmedia":[{"embeddable":true,"href":"https:\/\/www.manquecura.cl\/ciudad-de-los-valles\/wp-json\/wp\/v2\/media\/126397"}],"wp:attachment":[{"href":"https:\/\/www.manquecura.cl\/ciudad-de-los-valles\/wp-json\/wp\/v2\/media?parent=126396"}],"wp:term":[{"taxonomy":"category","embeddable":true,"href":"https:\/\/www.manquecura.cl\/ciudad-de-los-valles\/wp-json\/wp\/v2\/categories?post=126396"},{"taxonomy":"post_tag","embeddable":true,"href":"https:\/\/www.manquecura.cl\/ciudad-de-los-valles\/wp-json\/wp\/v2\/tags?post=126396"}],"curies":[{"name":"wp","href":"https:\/\/api.w.org\/{rel}","templated":true}]}}