{"id":12487,"date":"2022-08-01T10:37:59","date_gmt":"2022-08-01T14:37:59","guid":{"rendered":"https:\/\/www.manquecura.cl\/ciudad-de-los-valles\/?p=12487"},"modified":"2022-08-01T10:37:59","modified_gmt":"2022-08-01T14:37:59","slug":"torneo-de-boccia-organizado-por-educacion-media","status":"publish","type":"post","link":"https:\/\/www.manquecura.cl\/ciudad-de-los-valles\/noticias\/torneo-de-boccia-organizado-por-educacion-media\/","title":{"rendered":"Torneo de Boccia organizado por Educaci\u00f3n Media\ud83d\udc4f\u2728"},"content":{"rendered":"<p>Los estudiantes de Ed. Media, participaron en una actividad inclusiva, el Boccia, en la que durante dos jornadas aprendieron y compitieron en un amistoso.<\/p>\n<p>El boccia es un juego dise\u00f1ado para personas con discapacidad, inspirado en el juego de origen italiano bocce o bochas, de donde toma su nombre, y aceptado como deporte paral\u00edmpico desde 1984.<\/p>\n<p>Felicitamos al <strong>Sr. Pedro Quiroga, Director de Estudios de Ed. Media<\/strong>, quien junto al equipo organizaron estas jornadas en la que los estudiantes aprendieron mas de la disciplina.<\/p>\n<p>[multimedia id=&#8221;1&#8243;]<\/p>\n<p>&nbsp;<\/p>\n"},"excerpt":{"rendered":"<p>Los estudiantes de Ed. Media, participaron en una actividad inclusiva, el Boccia, en la que durante dos jornadas aprendieron y compitieron en un amistoso. El boccia es un juego dise\u00f1ado para personas con discapacidad, inspirado en el juego de origen italiano bocce o bochas, de donde toma su nombre, y aceptado como deporte paral\u00edmpico desde [&hellip;]<\/p>\n","protected":false},"author":14,"featured_media":12405,"comment_status":"open","ping_status":"open","sticky":false,"template":"","format":"standard","meta":{"_acf_changed":false,"content-type":"","_jetpack_memberships_contains_paid_content":false,"footnotes":""},"categories":[1],"tags":[],"class_list":["post-12487","post","type-post","status-publish","format-standard","has-post-thumbnail","hentry","category-vida-escolar"],"acf":[],"yoast_head":"<!-- This site is optimized with the Yoast SEO plugin v27.1.1 - https:\/\/yoast.com\/product\/yoast-seo-wordpress\/ -->\n<title>Torneo de Boccia organizado por Educaci\u00f3n Media\ud83d\udc4f\u2728 - Colegio Manquecura Ciudad de los Valles<\/title>\n<meta name=\"robots\" content=\"index, follow, max-snippet:-1, max-image-preview:large, max-video-preview:-1\" \/>\n<link rel=\"canonical\" href=\"https:\/\/www.manquecura.cl\/ciudad-de-los-valles\/noticias\/torneo-de-boccia-organizado-por-educacion-media\/\" \/>\n<meta property=\"og:locale\" content=\"es_ES\" \/>\n<meta property=\"og:type\" content=\"article\" \/>\n<meta property=\"og:title\" content=\"Torneo de Boccia organizado por Educaci\u00f3n Media\ud83d\udc4f\u2728 - Colegio Manquecura Ciudad de los Valles\" \/>\n<meta property=\"og:description\" content=\"Los estudiantes de Ed. Media, participaron en una actividad inclusiva, el Boccia, en la que durante dos jornadas aprendieron y compitieron en un amistoso. El boccia es un juego dise\u00f1ado para personas con discapacidad, inspirado en el juego de origen italiano bocce o bochas, de donde toma su nombre, y aceptado como deporte paral\u00edmpico desde [&hellip;]\" \/>\n<meta property=\"og:url\" content=\"https:\/\/www.manquecura.cl\/ciudad-de-los-valles\/noticias\/torneo-de-boccia-organizado-por-educacion-media\/\" \/>\n<meta property=\"og:site_name\" content=\"Colegio Manquecura Ciudad de los Valles\" \/>\n<meta property=\"article:publisher\" content=\"http:\/\/www.facebook.com\/ColegiosManquecura\" \/>\n<meta property=\"article:published_time\" content=\"2022-08-01T14:37:59+00:00\" \/>\n<meta property=\"og:image\" content=\"https:\/\/www.manquecura.cl\/ciudad-de-los-valles\/wp-content\/uploads\/sites\/42\/2022\/07\/7-3.jpg\" \/>\n\t<meta property=\"og:image:width\" content=\"836\" \/>\n\t<meta property=\"og:image:height\" content=\"523\" \/>\n\t<meta property=\"og:image:type\" content=\"image\/jpeg\" \/>\n<meta name=\"author\" content=\"jorgedelcampo\" \/>\n<meta name=\"twitter:card\" content=\"summary_large_image\" \/>\n<meta name=\"twitter:label1\" content=\"Escrito por\" \/>\n\t<meta name=\"twitter:data1\" content=\"jorgedelcampo\" \/>\n<script type=\"application\/ld+json\" class=\"yoast-schema-graph\">{\"@context\":\"https:\/\/schema.org\",\"@graph\":[{\"@type\":\"Article\",\"@id\":\"https:\/\/www.manquecura.cl\/ciudad-de-los-valles\/noticias\/torneo-de-boccia-organizado-por-educacion-media\/#article\",\"isPartOf\":{\"@id\":\"https:\/\/www.manquecura.cl\/ciudad-de-los-valles\/noticias\/torneo-de-boccia-organizado-por-educacion-media\/\"},\"author\":{\"name\":\"jorgedelcampo\",\"@id\":\"https:\/\/www.manquecura.cl\/ciudad-de-los-valles\/#\/schema\/person\/0debeea140e397b5d490ee7e553255d8\"},\"headline\":\"Torneo de Boccia organizado por Educaci\u00f3n Media\ud83d\udc4f\u2728\",\"datePublished\":\"2022-08-01T14:37:59+00:00\",\"mainEntityOfPage\":{\"@id\":\"https:\/\/www.manquecura.cl\/ciudad-de-los-valles\/noticias\/torneo-de-boccia-organizado-por-educacion-media\/\"},\"wordCount\":96,\"commentCount\":0,\"publisher\":{\"@id\":\"https:\/\/www.manquecura.cl\/ciudad-de-los-valles\/#organization\"},\"image\":{\"@id\":\"https:\/\/www.manquecura.cl\/ciudad-de-los-valles\/noticias\/torneo-de-boccia-organizado-por-educacion-media\/#primaryimage\"},\"thumbnailUrl\":\"https:\/\/www.manquecura.cl\/ciudad-de-los-valles\/wp-content\/uploads\/sites\/42\/2022\/07\/7-3.jpg\",\"articleSection\":[\"Vida Escolar\"],\"inLanguage\":\"es\",\"potentialAction\":[{\"@type\":\"CommentAction\",\"name\":\"Comment\",\"target\":[\"https:\/\/www.manquecura.cl\/ciudad-de-los-valles\/noticias\/torneo-de-boccia-organizado-por-educacion-media\/#respond\"]}]},{\"@type\":\"WebPage\",\"@id\":\"https:\/\/www.manquecura.cl\/ciudad-de-los-valles\/noticias\/torneo-de-boccia-organizado-por-educacion-media\/\",\"url\":\"https:\/\/www.manquecura.cl\/ciudad-de-los-valles\/noticias\/torneo-de-boccia-organizado-por-educacion-media\/\",\"name\":\"Torneo de Boccia organizado por Educaci\u00f3n Media\ud83d\udc4f\u2728 - Colegio Manquecura Ciudad de los Valles\",\"isPartOf\":{\"@id\":\"https:\/\/www.manquecura.cl\/ciudad-de-los-valles\/#website\"},\"primaryImageOfPage\":{\"@id\":\"https:\/\/www.manquecura.cl\/ciudad-de-los-valles\/noticias\/torneo-de-boccia-organizado-por-educacion-media\/#primaryimage\"},\"image\":{\"@id\":\"https:\/\/www.manquecura.cl\/ciudad-de-los-valles\/noticias\/torneo-de-boccia-organizado-por-educacion-media\/#primaryimage\"},\"thumbnailUrl\":\"https:\/\/www.manquecura.cl\/ciudad-de-los-valles\/wp-content\/uploads\/sites\/42\/2022\/07\/7-3.jpg\",\"datePublished\":\"2022-08-01T14:37:59+00:00\",\"breadcrumb\":{\"@id\":\"https:\/\/www.manquecura.cl\/ciudad-de-los-valles\/noticias\/torneo-de-boccia-organizado-por-educacion-media\/#breadcrumb\"},\"inLanguage\":\"es\",\"potentialAction\":[{\"@type\":\"ReadAction\",\"target\":[\"https:\/\/www.manquecura.cl\/ciudad-de-los-valles\/noticias\/torneo-de-boccia-organizado-por-educacion-media\/\"]}]},{\"@type\":\"ImageObject\",\"inLanguage\":\"es\",\"@id\":\"https:\/\/www.manquecura.cl\/ciudad-de-los-valles\/noticias\/torneo-de-boccia-organizado-por-educacion-media\/#primaryimage\",\"url\":\"https:\/\/www.manquecura.cl\/ciudad-de-los-valles\/wp-content\/uploads\/sites\/42\/2022\/07\/7-3.jpg\",\"contentUrl\":\"https:\/\/www.manquecura.cl\/ciudad-de-los-valles\/wp-content\/uploads\/sites\/42\/2022\/07\/7-3.jpg\",\"width\":836,\"height\":523},{\"@type\":\"BreadcrumbList\",\"@id\":\"https:\/\/www.manquecura.cl\/ciudad-de-los-valles\/noticias\/torneo-de-boccia-organizado-por-educacion-media\/#breadcrumb\",\"itemListElement\":[{\"@type\":\"ListItem\",\"position\":1,\"name\":\"Home\",\"item\":\"https:\/\/www.manquecura.cl\/ciudad-de-los-valles\/\"},{\"@type\":\"ListItem\",\"position\":2,\"name\":\"Torneo de Boccia organizado por Educaci\u00f3n Media\ud83d\udc4f\u2728\"}]},{\"@type\":\"WebSite\",\"@id\":\"https:\/\/www.manquecura.cl\/ciudad-de-los-valles\/#website\",\"url\":\"https:\/\/www.manquecura.cl\/ciudad-de-los-valles\/\",\"name\":\"Colegio Manquecura Ciudad de los Valles\",\"description\":\"Cognita Schools\",\"publisher\":{\"@id\":\"https:\/\/www.manquecura.cl\/ciudad-de-los-valles\/#organization\"},\"potentialAction\":[{\"@type\":\"SearchAction\",\"target\":{\"@type\":\"EntryPoint\",\"urlTemplate\":\"https:\/\/www.manquecura.cl\/ciudad-de-los-valles\/?s={search_term_string}\"},\"query-input\":{\"@type\":\"PropertyValueSpecification\",\"valueRequired\":true,\"valueName\":\"search_term_string\"}}],\"inLanguage\":\"es\"},{\"@type\":\"Organization\",\"@id\":\"https:\/\/www.manquecura.cl\/ciudad-de-los-valles\/#organization\",\"name\":\"Colegio Manquecura Ciudad de los Valles\",\"url\":\"https:\/\/www.manquecura.cl\/ciudad-de-los-valles\/\",\"logo\":{\"@type\":\"ImageObject\",\"inLanguage\":\"es\",\"@id\":\"https:\/\/www.manquecura.cl\/ciudad-de-los-valles\/#\/schema\/logo\/image\/\",\"url\":\"https:\/\/www.manquecura.cl\/ciudad-de-los-valles\/wp-content\/uploads\/sites\/42\/2025\/02\/logo_Manquecura_Ciudad-de-Los-Valles_horizontal_color.jpg\",\"contentUrl\":\"https:\/\/www.manquecura.cl\/ciudad-de-los-valles\/wp-content\/uploads\/sites\/42\/2025\/02\/logo_Manquecura_Ciudad-de-Los-Valles_horizontal_color.jpg\",\"width\":599,\"height\":179,\"caption\":\"Colegio Manquecura Ciudad de los Valles\"},\"image\":{\"@id\":\"https:\/\/www.manquecura.cl\/ciudad-de-los-valles\/#\/schema\/logo\/image\/\"},\"sameAs\":[\"http:\/\/www.facebook.com\/ColegiosManquecura\",\"https:\/\/www.manquecura.cl\/ciudad-de-los-valles\/\",\"http:\/\/www.youtube.com\/c\/CognitaChile\"]},{\"@type\":\"Person\",\"@id\":\"https:\/\/www.manquecura.cl\/ciudad-de-los-valles\/#\/schema\/person\/0debeea140e397b5d490ee7e553255d8\",\"name\":\"jorgedelcampo\",\"image\":{\"@type\":\"ImageObject\",\"inLanguage\":\"es\",\"@id\":\"https:\/\/www.manquecura.cl\/ciudad-de-los-valles\/#\/schema\/person\/image\/\",\"url\":\"https:\/\/secure.gravatar.com\/avatar\/4a315f521213b2dc91dbda9bf799f711c8a98ab6f5606ec42cf5b33d1e762e8a?s=96&d=mm&r=g\",\"contentUrl\":\"https:\/\/secure.gravatar.com\/avatar\/4a315f521213b2dc91dbda9bf799f711c8a98ab6f5606ec42cf5b33d1e762e8a?s=96&d=mm&r=g\",\"caption\":\"jorgedelcampo\"}}]}<\/script>\n<!-- \/ Yoast SEO plugin. -->","yoast_head_json":{"title":"Torneo de Boccia organizado por Educaci\u00f3n Media\ud83d\udc4f\u2728 - Colegio Manquecura Ciudad de los Valles","robots":{"index":"index","follow":"follow","max-snippet":"max-snippet:-1","max-image-preview":"max-image-preview:large","max-video-preview":"max-video-preview:-1"},"canonical":"https:\/\/www.manquecura.cl\/ciudad-de-los-valles\/noticias\/torneo-de-boccia-organizado-por-educacion-media\/","og_locale":"es_ES","og_type":"article","og_title":"Torneo de Boccia organizado por Educaci\u00f3n Media\ud83d\udc4f\u2728 - Colegio Manquecura Ciudad de los Valles","og_description":"Los estudiantes de Ed. Media, participaron en una actividad inclusiva, el Boccia, en la que durante dos jornadas aprendieron y compitieron en un amistoso. El boccia es un juego dise\u00f1ado para personas con discapacidad, inspirado en el juego de origen italiano bocce o bochas, de donde toma su nombre, y aceptado como deporte paral\u00edmpico desde [&hellip;]","og_url":"https:\/\/www.manquecura.cl\/ciudad-de-los-valles\/noticias\/torneo-de-boccia-organizado-por-educacion-media\/","og_site_name":"Colegio Manquecura Ciudad de los Valles","article_publisher":"http:\/\/www.facebook.com\/ColegiosManquecura","article_published_time":"2022-08-01T14:37:59+00:00","og_image":[{"width":836,"height":523,"url":"https:\/\/www.manquecura.cl\/ciudad-de-los-valles\/wp-content\/uploads\/sites\/42\/2022\/07\/7-3.jpg","type":"image\/jpeg"}],"author":"jorgedelcampo","twitter_card":"summary_large_image","twitter_misc":{"Escrito por":"jorgedelcampo"},"schema":{"@context":"https:\/\/schema.org","@graph":[{"@type":"Article","@id":"https:\/\/www.manquecura.cl\/ciudad-de-los-valles\/noticias\/torneo-de-boccia-organizado-por-educacion-media\/#article","isPartOf":{"@id":"https:\/\/www.manquecura.cl\/ciudad-de-los-valles\/noticias\/torneo-de-boccia-organizado-por-educacion-media\/"},"author":{"name":"jorgedelcampo","@id":"https:\/\/www.manquecura.cl\/ciudad-de-los-valles\/#\/schema\/person\/0debeea140e397b5d490ee7e553255d8"},"headline":"Torneo de Boccia organizado por Educaci\u00f3n Media\ud83d\udc4f\u2728","datePublished":"2022-08-01T14:37:59+00:00","mainEntityOfPage":{"@id":"https:\/\/www.manquecura.cl\/ciudad-de-los-valles\/noticias\/torneo-de-boccia-organizado-por-educacion-media\/"},"wordCount":96,"commentCount":0,"publisher":{"@id":"https:\/\/www.manquecura.cl\/ciudad-de-los-valles\/#organization"},"image":{"@id":"https:\/\/www.manquecura.cl\/ciudad-de-los-valles\/noticias\/torneo-de-boccia-organizado-por-educacion-media\/#primaryimage"},"thumbnailUrl":"https:\/\/www.manquecura.cl\/ciudad-de-los-valles\/wp-content\/uploads\/sites\/42\/2022\/07\/7-3.jpg","articleSection":["Vida Escolar"],"inLanguage":"es","potentialAction":[{"@type":"CommentAction","name":"Comment","target":["https:\/\/www.manquecura.cl\/ciudad-de-los-valles\/noticias\/torneo-de-boccia-organizado-por-educacion-media\/#respond"]}]},{"@type":"WebPage","@id":"https:\/\/www.manquecura.cl\/ciudad-de-los-valles\/noticias\/torneo-de-boccia-organizado-por-educacion-media\/","url":"https:\/\/www.manquecura.cl\/ciudad-de-los-valles\/noticias\/torneo-de-boccia-organizado-por-educacion-media\/","name":"Torneo de Boccia organizado por Educaci\u00f3n Media\ud83d\udc4f\u2728 - Colegio Manquecura Ciudad de los Valles","isPartOf":{"@id":"https:\/\/www.manquecura.cl\/ciudad-de-los-valles\/#website"},"primaryImageOfPage":{"@id":"https:\/\/www.manquecura.cl\/ciudad-de-los-valles\/noticias\/torneo-de-boccia-organizado-por-educacion-media\/#primaryimage"},"image":{"@id":"https:\/\/www.manquecura.cl\/ciudad-de-los-valles\/noticias\/torneo-de-boccia-organizado-por-educacion-media\/#primaryimage"},"thumbnailUrl":"https:\/\/www.manquecura.cl\/ciudad-de-los-valles\/wp-content\/uploads\/sites\/42\/2022\/07\/7-3.jpg","datePublished":"2022-08-01T14:37:59+00:00","breadcrumb":{"@id":"https:\/\/www.manquecura.cl\/ciudad-de-los-valles\/noticias\/torneo-de-boccia-organizado-por-educacion-media\/#breadcrumb"},"inLanguage":"es","potentialAction":[{"@type":"ReadAction","target":["https:\/\/www.manquecura.cl\/ciudad-de-los-valles\/noticias\/torneo-de-boccia-organizado-por-educacion-media\/"]}]},{"@type":"ImageObject","inLanguage":"es","@id":"https:\/\/www.manquecura.cl\/ciudad-de-los-valles\/noticias\/torneo-de-boccia-organizado-por-educacion-media\/#primaryimage","url":"https:\/\/www.manquecura.cl\/ciudad-de-los-valles\/wp-content\/uploads\/sites\/42\/2022\/07\/7-3.jpg","contentUrl":"https:\/\/www.manquecura.cl\/ciudad-de-los-valles\/wp-content\/uploads\/sites\/42\/2022\/07\/7-3.jpg","width":836,"height":523},{"@type":"BreadcrumbList","@id":"https:\/\/www.manquecura.cl\/ciudad-de-los-valles\/noticias\/torneo-de-boccia-organizado-por-educacion-media\/#breadcrumb","itemListElement":[{"@type":"ListItem","position":1,"name":"Home","item":"https:\/\/www.manquecura.cl\/ciudad-de-los-valles\/"},{"@type":"ListItem","position":2,"name":"Torneo de Boccia organizado por Educaci\u00f3n Media\ud83d\udc4f\u2728"}]},{"@type":"WebSite","@id":"https:\/\/www.manquecura.cl\/ciudad-de-los-valles\/#website","url":"https:\/\/www.manquecura.cl\/ciudad-de-los-valles\/","name":"Colegio Manquecura Ciudad de los Valles","description":"Cognita Schools","publisher":{"@id":"https:\/\/www.manquecura.cl\/ciudad-de-los-valles\/#organization"},"potentialAction":[{"@type":"SearchAction","target":{"@type":"EntryPoint","urlTemplate":"https:\/\/www.manquecura.cl\/ciudad-de-los-valles\/?s={search_term_string}"},"query-input":{"@type":"PropertyValueSpecification","valueRequired":true,"valueName":"search_term_string"}}],"inLanguage":"es"},{"@type":"Organization","@id":"https:\/\/www.manquecura.cl\/ciudad-de-los-valles\/#organization","name":"Colegio Manquecura Ciudad de los Valles","url":"https:\/\/www.manquecura.cl\/ciudad-de-los-valles\/","logo":{"@type":"ImageObject","inLanguage":"es","@id":"https:\/\/www.manquecura.cl\/ciudad-de-los-valles\/#\/schema\/logo\/image\/","url":"https:\/\/www.manquecura.cl\/ciudad-de-los-valles\/wp-content\/uploads\/sites\/42\/2025\/02\/logo_Manquecura_Ciudad-de-Los-Valles_horizontal_color.jpg","contentUrl":"https:\/\/www.manquecura.cl\/ciudad-de-los-valles\/wp-content\/uploads\/sites\/42\/2025\/02\/logo_Manquecura_Ciudad-de-Los-Valles_horizontal_color.jpg","width":599,"height":179,"caption":"Colegio Manquecura Ciudad de los Valles"},"image":{"@id":"https:\/\/www.manquecura.cl\/ciudad-de-los-valles\/#\/schema\/logo\/image\/"},"sameAs":["http:\/\/www.facebook.com\/ColegiosManquecura","https:\/\/www.manquecura.cl\/ciudad-de-los-valles\/","http:\/\/www.youtube.com\/c\/CognitaChile"]},{"@type":"Person","@id":"https:\/\/www.manquecura.cl\/ciudad-de-los-valles\/#\/schema\/person\/0debeea140e397b5d490ee7e553255d8","name":"jorgedelcampo","image":{"@type":"ImageObject","inLanguage":"es","@id":"https:\/\/www.manquecura.cl\/ciudad-de-los-valles\/#\/schema\/person\/image\/","url":"https:\/\/secure.gravatar.com\/avatar\/4a315f521213b2dc91dbda9bf799f711c8a98ab6f5606ec42cf5b33d1e762e8a?s=96&d=mm&r=g","contentUrl":"https:\/\/secure.gravatar.com\/avatar\/4a315f521213b2dc91dbda9bf799f711c8a98ab6f5606ec42cf5b33d1e762e8a?s=96&d=mm&r=g","caption":"jorgedelcampo"}}]}},"jetpack_featured_media_url":"https:\/\/www.manquecura.cl\/ciudad-de-los-valles\/wp-content\/uploads\/sites\/42\/2022\/07\/7-3.jpg","previous_post_ID":12484,"previous_post_title":"\u2728\u00a1Bienvenido nuevo Campur de Apoderados!\u2728","previous_post_excerpt":"El pasado jueves 28 de julio se realiz\u00f3 la asamblea general de delegados Campur, en la que se eligieron a los nuevos representantes. Agradecemos al Campur saliente\u00a0por el gran\u00a0trabajo realizado para nuestra comunidad\u00a0educativa. Damos la m\u00e1s cordial bienvenida a: Pilar Maluje de 1\u00b0B Carla Mattione \u00c1vila de 1\u00b0 B Lorena Aliaga Cruz de III\u00b0 B [&hellip;]","previous_post_link":"https:\/\/www.manquecura.cl\/ciudad-de-los-valles\/noticias\/bienvenido-nuevo-campur-de-apoderado\/","previous_post_class":["post-12484","post","type-post","status-publish","format-standard","has-post-thumbnail","hentry","category-vida-escolar"],"next_post_ID":12505,"next_post_title":"Proyecto \"criaturas silenciosas\" 1\u00b0 b\u00e1sico A\ud83d\udc4f\ud83d\udc4f\u2728","next_post_excerpt":"Nuestras docentes trabajan a diario para innovar en sus clases, es el caso de Miss Mar\u00eda In\u00e9s Varas, profesora jefe se 1\u00b0 b\u00e1sico A, quien utiliza la t\u00e9cnica de las \u201ccriaturas silenciosas\u201d, la que tiene como objetivo valorar el silencio y la calma en algunas actividades. &#8220;\u00c9stas son un motivador para nuestros ni\u00f1os y ni\u00f1as. [&hellip;]","next_post_link":"https:\/\/www.manquecura.cl\/ciudad-de-los-valles\/noticias\/proyecto-criaturas-silenciosas-1a\/","next_post_class":["post-12505","post","type-post","status-publish","format-standard","has-post-thumbnail","hentry","category-vida-escolar"],"jetpack_sharing_enabled":true,"_links":{"self":[{"href":"https:\/\/www.manquecura.cl\/ciudad-de-los-valles\/wp-json\/wp\/v2\/posts\/12487","targetHints":{"allow":["GET"]}}],"collection":[{"href":"https:\/\/www.manquecura.cl\/ciudad-de-los-valles\/wp-json\/wp\/v2\/posts"}],"about":[{"href":"https:\/\/www.manquecura.cl\/ciudad-de-los-valles\/wp-json\/wp\/v2\/types\/post"}],"author":[{"embeddable":true,"href":"https:\/\/www.manquecura.cl\/ciudad-de-los-valles\/wp-json\/wp\/v2\/users\/14"}],"replies":[{"embeddable":true,"href":"https:\/\/www.manquecura.cl\/ciudad-de-los-valles\/wp-json\/wp\/v2\/comments?post=12487"}],"version-history":[{"count":0,"href":"https:\/\/www.manquecura.cl\/ciudad-de-los-valles\/wp-json\/wp\/v2\/posts\/12487\/revisions"}],"wp:featuredmedia":[{"embeddable":true,"href":"https:\/\/www.manquecura.cl\/ciudad-de-los-valles\/wp-json\/wp\/v2\/media\/12405"}],"wp:attachment":[{"href":"https:\/\/www.manquecura.cl\/ciudad-de-los-valles\/wp-json\/wp\/v2\/media?parent=12487"}],"wp:term":[{"taxonomy":"category","embeddable":true,"href":"https:\/\/www.manquecura.cl\/ciudad-de-los-valles\/wp-json\/wp\/v2\/categories?post=12487"},{"taxonomy":"post_tag","embeddable":true,"href":"https:\/\/www.manquecura.cl\/ciudad-de-los-valles\/wp-json\/wp\/v2\/tags?post=12487"}],"curies":[{"name":"wp","href":"https:\/\/api.w.org\/{rel}","templated":true}]}}