{"id":11838,"date":"2022-06-06T11:33:07","date_gmt":"2022-06-06T15:33:07","guid":{"rendered":"https:\/\/www.manquecura.cl\/ciudad-de-los-valles\/?p=11838"},"modified":"2022-06-06T11:33:07","modified_gmt":"2022-06-06T15:33:07","slug":"estudiantes-de-iii-y-iv-medio-participan-en-el-bootcamp-los-creadores-uc","status":"publish","type":"post","link":"https:\/\/www.manquecura.cl\/ciudad-de-los-valles\/noticias\/estudiantes-de-iii-y-iv-medio-participan-en-el-bootcamp-los-creadores-uc\/","title":{"rendered":"Estudiantes de III\u00b0 y IV\u00b0 medio participan en el Bootcamp &#8220;Los Creadores&#8221; UC\ud83d\udc4f\ud83d\udc4f\u2728"},"content":{"rendered":"<p>En Colegio Manquecura Ciudad de los Valles, queremos potenciar nuestros talentos, es bajo este contexto, que Miss Rosario Riquelme, impuls\u00f3 a estudiantes de III\u00b0 y IV\u00b0 medio a participar en el Bootcamp, para estudiantes y docentes, que se realizar\u00e1 el s\u00e1bado 04 y 11 de junio en la escuela de Ingenier\u00eda UC, Campus San Joaqu\u00edn.<\/p>\n<p>Son dos jornadas a cargo del grupo &#8220;Los Creadores&#8221;, quienes quieren instalar en la agenda p\u00fablica y las comunidades escolares la importancia de desarrollar habilidades digitales de nivel superior para enfrentar los desaf\u00edos del siglo XXI y fomentar la innovaci\u00f3n temprana, reconociendo a los escolares que ser\u00e1n nuestra pr\u00f3xima generaci\u00f3n de talentos digitales y l\u00edderes de la sociedad.<\/p>\n<p>En la primera jornada, los estudiantes acompa\u00f1ados por el profesor Emilio Ampuero y Miss Rosario Riquelme, trabajaron en grupos ( seis equipos) y la tem\u00e1tica que desarrollaron fue el c\u00f3mo pensar, este s\u00e1bado 11 de junio deber\u00e1n desarrollar propuestas, para participar en el concurso de car\u00e1cter nacional con una gran idea, los ganadores viajar\u00e1n a Boston y recibir\u00e1n gadgets tecnol\u00f3gicos.<\/p>\n<p>Para los estudiantes fue una excelente experiencia, que los invita a generar experiencias e innovar.<\/p>\n<p><strong>\u00a1Les deseamos los mejor de los \u00e9xitos en este tremendo desaf\u00edo!<\/strong><\/p>\n<p>[multimedia id=&#8221;1&#8243;]<\/p>\n<p>&nbsp;<\/p>\n"},"excerpt":{"rendered":"<p>En Colegio Manquecura Ciudad de los Valles, queremos potenciar nuestros talentos, es bajo este contexto, que Miss Rosario Riquelme, impuls\u00f3 a estudiantes de III\u00b0 y IV\u00b0 medio a participar en el Bootcamp, para estudiantes y docentes, que se realizar\u00e1 el s\u00e1bado 04 y 11 de junio en la escuela de Ingenier\u00eda UC, Campus San Joaqu\u00edn. [&hellip;]<\/p>\n","protected":false},"author":14,"featured_media":11848,"comment_status":"open","ping_status":"open","sticky":false,"template":"","format":"standard","meta":{"_acf_changed":false,"content-type":"","_jetpack_memberships_contains_paid_content":false,"footnotes":""},"categories":[1],"tags":[],"class_list":["post-11838","post","type-post","status-publish","format-standard","has-post-thumbnail","hentry","category-vida-escolar"],"acf":[],"yoast_head":"<!-- This site is optimized with the Yoast SEO plugin v27.1.1 - https:\/\/yoast.com\/product\/yoast-seo-wordpress\/ -->\n<title>Estudiantes de III\u00b0 y IV\u00b0 medio participan en el Bootcamp &quot;Los Creadores&quot; UC\ud83d\udc4f\ud83d\udc4f\u2728 - Colegio Manquecura Ciudad de los Valles<\/title>\n<meta name=\"robots\" content=\"index, follow, max-snippet:-1, max-image-preview:large, max-video-preview:-1\" \/>\n<link rel=\"canonical\" href=\"https:\/\/www.manquecura.cl\/ciudad-de-los-valles\/noticias\/estudiantes-de-iii-y-iv-medio-participan-en-el-bootcamp-los-creadores-uc\/\" \/>\n<meta property=\"og:locale\" content=\"es_ES\" \/>\n<meta property=\"og:type\" content=\"article\" \/>\n<meta property=\"og:title\" content=\"Estudiantes de III\u00b0 y IV\u00b0 medio participan en el Bootcamp &quot;Los Creadores&quot; UC\ud83d\udc4f\ud83d\udc4f\u2728 - Colegio Manquecura Ciudad de los Valles\" \/>\n<meta property=\"og:description\" content=\"En Colegio Manquecura Ciudad de los Valles, queremos potenciar nuestros talentos, es bajo este contexto, que Miss Rosario Riquelme, impuls\u00f3 a estudiantes de III\u00b0 y IV\u00b0 medio a participar en el Bootcamp, para estudiantes y docentes, que se realizar\u00e1 el s\u00e1bado 04 y 11 de junio en la escuela de Ingenier\u00eda UC, Campus San Joaqu\u00edn. [&hellip;]\" \/>\n<meta property=\"og:url\" content=\"https:\/\/www.manquecura.cl\/ciudad-de-los-valles\/noticias\/estudiantes-de-iii-y-iv-medio-participan-en-el-bootcamp-los-creadores-uc\/\" \/>\n<meta property=\"og:site_name\" content=\"Colegio Manquecura Ciudad de los Valles\" \/>\n<meta property=\"article:publisher\" content=\"http:\/\/www.facebook.com\/ColegiosManquecura\" \/>\n<meta property=\"article:published_time\" content=\"2022-06-06T15:33:07+00:00\" \/>\n<meta property=\"og:image\" content=\"https:\/\/www.manquecura.cl\/ciudad-de-los-valles\/wp-content\/uploads\/sites\/42\/2022\/06\/CDLV-Formato-fotos-2.jpg\" \/>\n\t<meta property=\"og:image:width\" content=\"836\" \/>\n\t<meta property=\"og:image:height\" content=\"523\" \/>\n\t<meta property=\"og:image:type\" content=\"image\/jpeg\" \/>\n<meta name=\"author\" content=\"jorgedelcampo\" \/>\n<meta name=\"twitter:card\" content=\"summary_large_image\" \/>\n<meta name=\"twitter:label1\" content=\"Escrito por\" \/>\n\t<meta name=\"twitter:data1\" content=\"jorgedelcampo\" \/>\n\t<meta name=\"twitter:label2\" content=\"Tiempo de lectura\" \/>\n\t<meta name=\"twitter:data2\" content=\"1 minuto\" \/>\n<script type=\"application\/ld+json\" class=\"yoast-schema-graph\">{\"@context\":\"https:\/\/schema.org\",\"@graph\":[{\"@type\":\"Article\",\"@id\":\"https:\/\/www.manquecura.cl\/ciudad-de-los-valles\/noticias\/estudiantes-de-iii-y-iv-medio-participan-en-el-bootcamp-los-creadores-uc\/#article\",\"isPartOf\":{\"@id\":\"https:\/\/www.manquecura.cl\/ciudad-de-los-valles\/noticias\/estudiantes-de-iii-y-iv-medio-participan-en-el-bootcamp-los-creadores-uc\/\"},\"author\":{\"name\":\"jorgedelcampo\",\"@id\":\"https:\/\/www.manquecura.cl\/ciudad-de-los-valles\/#\/schema\/person\/0debeea140e397b5d490ee7e553255d8\"},\"headline\":\"Estudiantes de III\u00b0 y IV\u00b0 medio participan en el Bootcamp &#8220;Los Creadores&#8221; UC\ud83d\udc4f\ud83d\udc4f\u2728\",\"datePublished\":\"2022-06-06T15:33:07+00:00\",\"mainEntityOfPage\":{\"@id\":\"https:\/\/www.manquecura.cl\/ciudad-de-los-valles\/noticias\/estudiantes-de-iii-y-iv-medio-participan-en-el-bootcamp-los-creadores-uc\/\"},\"wordCount\":231,\"commentCount\":0,\"publisher\":{\"@id\":\"https:\/\/www.manquecura.cl\/ciudad-de-los-valles\/#organization\"},\"image\":{\"@id\":\"https:\/\/www.manquecura.cl\/ciudad-de-los-valles\/noticias\/estudiantes-de-iii-y-iv-medio-participan-en-el-bootcamp-los-creadores-uc\/#primaryimage\"},\"thumbnailUrl\":\"https:\/\/www.manquecura.cl\/ciudad-de-los-valles\/wp-content\/uploads\/sites\/42\/2022\/06\/CDLV-Formato-fotos-2.jpg\",\"articleSection\":[\"Vida Escolar\"],\"inLanguage\":\"es\",\"potentialAction\":[{\"@type\":\"CommentAction\",\"name\":\"Comment\",\"target\":[\"https:\/\/www.manquecura.cl\/ciudad-de-los-valles\/noticias\/estudiantes-de-iii-y-iv-medio-participan-en-el-bootcamp-los-creadores-uc\/#respond\"]}]},{\"@type\":\"WebPage\",\"@id\":\"https:\/\/www.manquecura.cl\/ciudad-de-los-valles\/noticias\/estudiantes-de-iii-y-iv-medio-participan-en-el-bootcamp-los-creadores-uc\/\",\"url\":\"https:\/\/www.manquecura.cl\/ciudad-de-los-valles\/noticias\/estudiantes-de-iii-y-iv-medio-participan-en-el-bootcamp-los-creadores-uc\/\",\"name\":\"Estudiantes de III\u00b0 y IV\u00b0 medio participan en el Bootcamp \\\"Los Creadores\\\" UC\ud83d\udc4f\ud83d\udc4f\u2728 - Colegio Manquecura Ciudad de los Valles\",\"isPartOf\":{\"@id\":\"https:\/\/www.manquecura.cl\/ciudad-de-los-valles\/#website\"},\"primaryImageOfPage\":{\"@id\":\"https:\/\/www.manquecura.cl\/ciudad-de-los-valles\/noticias\/estudiantes-de-iii-y-iv-medio-participan-en-el-bootcamp-los-creadores-uc\/#primaryimage\"},\"image\":{\"@id\":\"https:\/\/www.manquecura.cl\/ciudad-de-los-valles\/noticias\/estudiantes-de-iii-y-iv-medio-participan-en-el-bootcamp-los-creadores-uc\/#primaryimage\"},\"thumbnailUrl\":\"https:\/\/www.manquecura.cl\/ciudad-de-los-valles\/wp-content\/uploads\/sites\/42\/2022\/06\/CDLV-Formato-fotos-2.jpg\",\"datePublished\":\"2022-06-06T15:33:07+00:00\",\"breadcrumb\":{\"@id\":\"https:\/\/www.manquecura.cl\/ciudad-de-los-valles\/noticias\/estudiantes-de-iii-y-iv-medio-participan-en-el-bootcamp-los-creadores-uc\/#breadcrumb\"},\"inLanguage\":\"es\",\"potentialAction\":[{\"@type\":\"ReadAction\",\"target\":[\"https:\/\/www.manquecura.cl\/ciudad-de-los-valles\/noticias\/estudiantes-de-iii-y-iv-medio-participan-en-el-bootcamp-los-creadores-uc\/\"]}]},{\"@type\":\"ImageObject\",\"inLanguage\":\"es\",\"@id\":\"https:\/\/www.manquecura.cl\/ciudad-de-los-valles\/noticias\/estudiantes-de-iii-y-iv-medio-participan-en-el-bootcamp-los-creadores-uc\/#primaryimage\",\"url\":\"https:\/\/www.manquecura.cl\/ciudad-de-los-valles\/wp-content\/uploads\/sites\/42\/2022\/06\/CDLV-Formato-fotos-2.jpg\",\"contentUrl\":\"https:\/\/www.manquecura.cl\/ciudad-de-los-valles\/wp-content\/uploads\/sites\/42\/2022\/06\/CDLV-Formato-fotos-2.jpg\",\"width\":836,\"height\":523},{\"@type\":\"BreadcrumbList\",\"@id\":\"https:\/\/www.manquecura.cl\/ciudad-de-los-valles\/noticias\/estudiantes-de-iii-y-iv-medio-participan-en-el-bootcamp-los-creadores-uc\/#breadcrumb\",\"itemListElement\":[{\"@type\":\"ListItem\",\"position\":1,\"name\":\"Home\",\"item\":\"https:\/\/www.manquecura.cl\/ciudad-de-los-valles\/\"},{\"@type\":\"ListItem\",\"position\":2,\"name\":\"Estudiantes de III\u00b0 y IV\u00b0 medio participan en el Bootcamp &#8220;Los Creadores&#8221; UC\ud83d\udc4f\ud83d\udc4f\u2728\"}]},{\"@type\":\"WebSite\",\"@id\":\"https:\/\/www.manquecura.cl\/ciudad-de-los-valles\/#website\",\"url\":\"https:\/\/www.manquecura.cl\/ciudad-de-los-valles\/\",\"name\":\"Colegio Manquecura Ciudad de los Valles\",\"description\":\"Cognita Schools\",\"publisher\":{\"@id\":\"https:\/\/www.manquecura.cl\/ciudad-de-los-valles\/#organization\"},\"potentialAction\":[{\"@type\":\"SearchAction\",\"target\":{\"@type\":\"EntryPoint\",\"urlTemplate\":\"https:\/\/www.manquecura.cl\/ciudad-de-los-valles\/?s={search_term_string}\"},\"query-input\":{\"@type\":\"PropertyValueSpecification\",\"valueRequired\":true,\"valueName\":\"search_term_string\"}}],\"inLanguage\":\"es\"},{\"@type\":\"Organization\",\"@id\":\"https:\/\/www.manquecura.cl\/ciudad-de-los-valles\/#organization\",\"name\":\"Colegio Manquecura Ciudad de los Valles\",\"url\":\"https:\/\/www.manquecura.cl\/ciudad-de-los-valles\/\",\"logo\":{\"@type\":\"ImageObject\",\"inLanguage\":\"es\",\"@id\":\"https:\/\/www.manquecura.cl\/ciudad-de-los-valles\/#\/schema\/logo\/image\/\",\"url\":\"https:\/\/www.manquecura.cl\/ciudad-de-los-valles\/wp-content\/uploads\/sites\/42\/2025\/02\/logo_Manquecura_Ciudad-de-Los-Valles_horizontal_color.jpg\",\"contentUrl\":\"https:\/\/www.manquecura.cl\/ciudad-de-los-valles\/wp-content\/uploads\/sites\/42\/2025\/02\/logo_Manquecura_Ciudad-de-Los-Valles_horizontal_color.jpg\",\"width\":599,\"height\":179,\"caption\":\"Colegio Manquecura Ciudad de los Valles\"},\"image\":{\"@id\":\"https:\/\/www.manquecura.cl\/ciudad-de-los-valles\/#\/schema\/logo\/image\/\"},\"sameAs\":[\"http:\/\/www.facebook.com\/ColegiosManquecura\",\"https:\/\/www.manquecura.cl\/ciudad-de-los-valles\/\",\"http:\/\/www.youtube.com\/c\/CognitaChile\"]},{\"@type\":\"Person\",\"@id\":\"https:\/\/www.manquecura.cl\/ciudad-de-los-valles\/#\/schema\/person\/0debeea140e397b5d490ee7e553255d8\",\"name\":\"jorgedelcampo\",\"image\":{\"@type\":\"ImageObject\",\"inLanguage\":\"es\",\"@id\":\"https:\/\/www.manquecura.cl\/ciudad-de-los-valles\/#\/schema\/person\/image\/\",\"url\":\"https:\/\/secure.gravatar.com\/avatar\/4a315f521213b2dc91dbda9bf799f711c8a98ab6f5606ec42cf5b33d1e762e8a?s=96&d=mm&r=g\",\"contentUrl\":\"https:\/\/secure.gravatar.com\/avatar\/4a315f521213b2dc91dbda9bf799f711c8a98ab6f5606ec42cf5b33d1e762e8a?s=96&d=mm&r=g\",\"caption\":\"jorgedelcampo\"}}]}<\/script>\n<!-- \/ Yoast SEO plugin. -->","yoast_head_json":{"title":"Estudiantes de III\u00b0 y IV\u00b0 medio participan en el Bootcamp \"Los Creadores\" UC\ud83d\udc4f\ud83d\udc4f\u2728 - Colegio Manquecura Ciudad de los Valles","robots":{"index":"index","follow":"follow","max-snippet":"max-snippet:-1","max-image-preview":"max-image-preview:large","max-video-preview":"max-video-preview:-1"},"canonical":"https:\/\/www.manquecura.cl\/ciudad-de-los-valles\/noticias\/estudiantes-de-iii-y-iv-medio-participan-en-el-bootcamp-los-creadores-uc\/","og_locale":"es_ES","og_type":"article","og_title":"Estudiantes de III\u00b0 y IV\u00b0 medio participan en el Bootcamp \"Los Creadores\" UC\ud83d\udc4f\ud83d\udc4f\u2728 - Colegio Manquecura Ciudad de los Valles","og_description":"En Colegio Manquecura Ciudad de los Valles, queremos potenciar nuestros talentos, es bajo este contexto, que Miss Rosario Riquelme, impuls\u00f3 a estudiantes de III\u00b0 y IV\u00b0 medio a participar en el Bootcamp, para estudiantes y docentes, que se realizar\u00e1 el s\u00e1bado 04 y 11 de junio en la escuela de Ingenier\u00eda UC, Campus San Joaqu\u00edn. [&hellip;]","og_url":"https:\/\/www.manquecura.cl\/ciudad-de-los-valles\/noticias\/estudiantes-de-iii-y-iv-medio-participan-en-el-bootcamp-los-creadores-uc\/","og_site_name":"Colegio Manquecura Ciudad de los Valles","article_publisher":"http:\/\/www.facebook.com\/ColegiosManquecura","article_published_time":"2022-06-06T15:33:07+00:00","og_image":[{"width":836,"height":523,"url":"https:\/\/www.manquecura.cl\/ciudad-de-los-valles\/wp-content\/uploads\/sites\/42\/2022\/06\/CDLV-Formato-fotos-2.jpg","type":"image\/jpeg"}],"author":"jorgedelcampo","twitter_card":"summary_large_image","twitter_misc":{"Escrito por":"jorgedelcampo","Tiempo de lectura":"1 minuto"},"schema":{"@context":"https:\/\/schema.org","@graph":[{"@type":"Article","@id":"https:\/\/www.manquecura.cl\/ciudad-de-los-valles\/noticias\/estudiantes-de-iii-y-iv-medio-participan-en-el-bootcamp-los-creadores-uc\/#article","isPartOf":{"@id":"https:\/\/www.manquecura.cl\/ciudad-de-los-valles\/noticias\/estudiantes-de-iii-y-iv-medio-participan-en-el-bootcamp-los-creadores-uc\/"},"author":{"name":"jorgedelcampo","@id":"https:\/\/www.manquecura.cl\/ciudad-de-los-valles\/#\/schema\/person\/0debeea140e397b5d490ee7e553255d8"},"headline":"Estudiantes de III\u00b0 y IV\u00b0 medio participan en el Bootcamp &#8220;Los Creadores&#8221; UC\ud83d\udc4f\ud83d\udc4f\u2728","datePublished":"2022-06-06T15:33:07+00:00","mainEntityOfPage":{"@id":"https:\/\/www.manquecura.cl\/ciudad-de-los-valles\/noticias\/estudiantes-de-iii-y-iv-medio-participan-en-el-bootcamp-los-creadores-uc\/"},"wordCount":231,"commentCount":0,"publisher":{"@id":"https:\/\/www.manquecura.cl\/ciudad-de-los-valles\/#organization"},"image":{"@id":"https:\/\/www.manquecura.cl\/ciudad-de-los-valles\/noticias\/estudiantes-de-iii-y-iv-medio-participan-en-el-bootcamp-los-creadores-uc\/#primaryimage"},"thumbnailUrl":"https:\/\/www.manquecura.cl\/ciudad-de-los-valles\/wp-content\/uploads\/sites\/42\/2022\/06\/CDLV-Formato-fotos-2.jpg","articleSection":["Vida Escolar"],"inLanguage":"es","potentialAction":[{"@type":"CommentAction","name":"Comment","target":["https:\/\/www.manquecura.cl\/ciudad-de-los-valles\/noticias\/estudiantes-de-iii-y-iv-medio-participan-en-el-bootcamp-los-creadores-uc\/#respond"]}]},{"@type":"WebPage","@id":"https:\/\/www.manquecura.cl\/ciudad-de-los-valles\/noticias\/estudiantes-de-iii-y-iv-medio-participan-en-el-bootcamp-los-creadores-uc\/","url":"https:\/\/www.manquecura.cl\/ciudad-de-los-valles\/noticias\/estudiantes-de-iii-y-iv-medio-participan-en-el-bootcamp-los-creadores-uc\/","name":"Estudiantes de III\u00b0 y IV\u00b0 medio participan en el Bootcamp \"Los Creadores\" UC\ud83d\udc4f\ud83d\udc4f\u2728 - Colegio Manquecura Ciudad de los Valles","isPartOf":{"@id":"https:\/\/www.manquecura.cl\/ciudad-de-los-valles\/#website"},"primaryImageOfPage":{"@id":"https:\/\/www.manquecura.cl\/ciudad-de-los-valles\/noticias\/estudiantes-de-iii-y-iv-medio-participan-en-el-bootcamp-los-creadores-uc\/#primaryimage"},"image":{"@id":"https:\/\/www.manquecura.cl\/ciudad-de-los-valles\/noticias\/estudiantes-de-iii-y-iv-medio-participan-en-el-bootcamp-los-creadores-uc\/#primaryimage"},"thumbnailUrl":"https:\/\/www.manquecura.cl\/ciudad-de-los-valles\/wp-content\/uploads\/sites\/42\/2022\/06\/CDLV-Formato-fotos-2.jpg","datePublished":"2022-06-06T15:33:07+00:00","breadcrumb":{"@id":"https:\/\/www.manquecura.cl\/ciudad-de-los-valles\/noticias\/estudiantes-de-iii-y-iv-medio-participan-en-el-bootcamp-los-creadores-uc\/#breadcrumb"},"inLanguage":"es","potentialAction":[{"@type":"ReadAction","target":["https:\/\/www.manquecura.cl\/ciudad-de-los-valles\/noticias\/estudiantes-de-iii-y-iv-medio-participan-en-el-bootcamp-los-creadores-uc\/"]}]},{"@type":"ImageObject","inLanguage":"es","@id":"https:\/\/www.manquecura.cl\/ciudad-de-los-valles\/noticias\/estudiantes-de-iii-y-iv-medio-participan-en-el-bootcamp-los-creadores-uc\/#primaryimage","url":"https:\/\/www.manquecura.cl\/ciudad-de-los-valles\/wp-content\/uploads\/sites\/42\/2022\/06\/CDLV-Formato-fotos-2.jpg","contentUrl":"https:\/\/www.manquecura.cl\/ciudad-de-los-valles\/wp-content\/uploads\/sites\/42\/2022\/06\/CDLV-Formato-fotos-2.jpg","width":836,"height":523},{"@type":"BreadcrumbList","@id":"https:\/\/www.manquecura.cl\/ciudad-de-los-valles\/noticias\/estudiantes-de-iii-y-iv-medio-participan-en-el-bootcamp-los-creadores-uc\/#breadcrumb","itemListElement":[{"@type":"ListItem","position":1,"name":"Home","item":"https:\/\/www.manquecura.cl\/ciudad-de-los-valles\/"},{"@type":"ListItem","position":2,"name":"Estudiantes de III\u00b0 y IV\u00b0 medio participan en el Bootcamp &#8220;Los Creadores&#8221; UC\ud83d\udc4f\ud83d\udc4f\u2728"}]},{"@type":"WebSite","@id":"https:\/\/www.manquecura.cl\/ciudad-de-los-valles\/#website","url":"https:\/\/www.manquecura.cl\/ciudad-de-los-valles\/","name":"Colegio Manquecura Ciudad de los Valles","description":"Cognita Schools","publisher":{"@id":"https:\/\/www.manquecura.cl\/ciudad-de-los-valles\/#organization"},"potentialAction":[{"@type":"SearchAction","target":{"@type":"EntryPoint","urlTemplate":"https:\/\/www.manquecura.cl\/ciudad-de-los-valles\/?s={search_term_string}"},"query-input":{"@type":"PropertyValueSpecification","valueRequired":true,"valueName":"search_term_string"}}],"inLanguage":"es"},{"@type":"Organization","@id":"https:\/\/www.manquecura.cl\/ciudad-de-los-valles\/#organization","name":"Colegio Manquecura Ciudad de los Valles","url":"https:\/\/www.manquecura.cl\/ciudad-de-los-valles\/","logo":{"@type":"ImageObject","inLanguage":"es","@id":"https:\/\/www.manquecura.cl\/ciudad-de-los-valles\/#\/schema\/logo\/image\/","url":"https:\/\/www.manquecura.cl\/ciudad-de-los-valles\/wp-content\/uploads\/sites\/42\/2025\/02\/logo_Manquecura_Ciudad-de-Los-Valles_horizontal_color.jpg","contentUrl":"https:\/\/www.manquecura.cl\/ciudad-de-los-valles\/wp-content\/uploads\/sites\/42\/2025\/02\/logo_Manquecura_Ciudad-de-Los-Valles_horizontal_color.jpg","width":599,"height":179,"caption":"Colegio Manquecura Ciudad de los Valles"},"image":{"@id":"https:\/\/www.manquecura.cl\/ciudad-de-los-valles\/#\/schema\/logo\/image\/"},"sameAs":["http:\/\/www.facebook.com\/ColegiosManquecura","https:\/\/www.manquecura.cl\/ciudad-de-los-valles\/","http:\/\/www.youtube.com\/c\/CognitaChile"]},{"@type":"Person","@id":"https:\/\/www.manquecura.cl\/ciudad-de-los-valles\/#\/schema\/person\/0debeea140e397b5d490ee7e553255d8","name":"jorgedelcampo","image":{"@type":"ImageObject","inLanguage":"es","@id":"https:\/\/www.manquecura.cl\/ciudad-de-los-valles\/#\/schema\/person\/image\/","url":"https:\/\/secure.gravatar.com\/avatar\/4a315f521213b2dc91dbda9bf799f711c8a98ab6f5606ec42cf5b33d1e762e8a?s=96&d=mm&r=g","contentUrl":"https:\/\/secure.gravatar.com\/avatar\/4a315f521213b2dc91dbda9bf799f711c8a98ab6f5606ec42cf5b33d1e762e8a?s=96&d=mm&r=g","caption":"jorgedelcampo"}}]}},"jetpack_featured_media_url":"https:\/\/www.manquecura.cl\/ciudad-de-los-valles\/wp-content\/uploads\/sites\/42\/2022\/06\/CDLV-Formato-fotos-2.jpg","previous_post_ID":11829,"previous_post_title":"Elecciones Campur de Apoderados: 15 de junio","previous_post_excerpt":"A nombre del CAMPUR General de Padres y Apoderados, se informa que el mi\u00e9rcoles 15 de junio, a las 08:30 en el casino del colegio, se realizar\u00e1n las votaciones correspondiente a la nueva directiva del Centro de Padres. Contamos con el apoyo de todos para conformar la nueva directiva del colegio y trabajar juntos por [&hellip;]","previous_post_link":"https:\/\/www.manquecura.cl\/ciudad-de-los-valles\/noticias\/elecciones-campur-de-apoderados-15-de-junio\/","previous_post_class":["post-11829","post","type-post","status-publish","format-standard","has-post-thumbnail","hentry","category-vida-escolar"],"next_post_ID":11850,"next_post_title":"\u2728Educaci\u00f3n Parvularia: Cierre de unidad \"Recorriendo el Oc\u00e9ano\"\ud83d\udc33\ud83e\udd80\u2728","next_post_excerpt":"El viernes 03 de junio, los m\u00e1s peque\u00f1itos del ciclo, realizaron el cierre de proyecto del mes &#8220;Recorriendo el Oc\u00e9ano&#8221;, en el que estuvieron invitados sus pap\u00e1s y mam\u00e1s, quienes pudieron apreciar el trabajo y presentaciones de sus hijos (as). Fue una instancia l\u00fadica y de mucha emoci\u00f3n al ver a los m\u00e1s peque\u00f1os, exponer [&hellip;]","next_post_link":"https:\/\/www.manquecura.cl\/ciudad-de-los-valles\/noticias\/cierre-de-unidad-ed-parvularia-recorriendo-el-oceano\/","next_post_class":["post-11850","post","type-post","status-publish","format-standard","has-post-thumbnail","hentry","category-vida-escolar"],"jetpack_sharing_enabled":true,"_links":{"self":[{"href":"https:\/\/www.manquecura.cl\/ciudad-de-los-valles\/wp-json\/wp\/v2\/posts\/11838","targetHints":{"allow":["GET"]}}],"collection":[{"href":"https:\/\/www.manquecura.cl\/ciudad-de-los-valles\/wp-json\/wp\/v2\/posts"}],"about":[{"href":"https:\/\/www.manquecura.cl\/ciudad-de-los-valles\/wp-json\/wp\/v2\/types\/post"}],"author":[{"embeddable":true,"href":"https:\/\/www.manquecura.cl\/ciudad-de-los-valles\/wp-json\/wp\/v2\/users\/14"}],"replies":[{"embeddable":true,"href":"https:\/\/www.manquecura.cl\/ciudad-de-los-valles\/wp-json\/wp\/v2\/comments?post=11838"}],"version-history":[{"count":0,"href":"https:\/\/www.manquecura.cl\/ciudad-de-los-valles\/wp-json\/wp\/v2\/posts\/11838\/revisions"}],"wp:featuredmedia":[{"embeddable":true,"href":"https:\/\/www.manquecura.cl\/ciudad-de-los-valles\/wp-json\/wp\/v2\/media\/11848"}],"wp:attachment":[{"href":"https:\/\/www.manquecura.cl\/ciudad-de-los-valles\/wp-json\/wp\/v2\/media?parent=11838"}],"wp:term":[{"taxonomy":"category","embeddable":true,"href":"https:\/\/www.manquecura.cl\/ciudad-de-los-valles\/wp-json\/wp\/v2\/categories?post=11838"},{"taxonomy":"post_tag","embeddable":true,"href":"https:\/\/www.manquecura.cl\/ciudad-de-los-valles\/wp-json\/wp\/v2\/tags?post=11838"}],"curies":[{"name":"wp","href":"https:\/\/api.w.org\/{rel}","templated":true}]}}