{"id":10957,"date":"2022-03-21T09:45:04","date_gmt":"2022-03-21T12:45:04","guid":{"rendered":"https:\/\/www.manquecura.cl\/ciudad-de-los-valles\/?p=10957"},"modified":"2022-03-21T09:45:04","modified_gmt":"2022-03-21T12:45:04","slug":"primer-simulacro-de-evacuacion-y-reconocimiento-de-zonas-seguras","status":"publish","type":"post","link":"https:\/\/www.manquecura.cl\/ciudad-de-los-valles\/noticias\/primer-simulacro-de-evacuacion-y-reconocimiento-de-zonas-seguras\/","title":{"rendered":"\ud83d\udce2Primer simulacro de evacuaci\u00f3n y reconocimiento de zonas seguras\ud83d\udce2"},"content":{"rendered":"<p>En el marco de la prevenci\u00f3n de riesgos en las \u00e1reas de orden, higiene y seguridad, nuestra querida comunidad escolar realiz\u00f3 el primer simulacro de evacuaci\u00f3n, el cual se desarroll\u00f3 durante la jornada. De manera muy ordenada los estudiantes se dirigieron a las zonas de seguridad internas del colegio. Los alumnos muy atentos siguieron las instrucciones de los docentes, quienes los guiaron, durante el simulacro.<\/p>\n<p>Durante el a\u00f1o se llevar\u00e1n a cabo simulacros de distintos tipos de emergencias a las que nos podemos enfrentar como comunidad escolar, los cuales nos permitir\u00e1n poner a pruebas las acciones que hemos organizado para este tipo de ejercicio.<\/p>\n<p>Felicitamos a nuestros queridos alumnos y alumnas por seguir con mucha atenci\u00f3n las instrucciones de docentes, paradocentes y equipo a cargo de la coordinaci\u00f3n de situaciones de emergencia.<\/p>\n<p>[multimedia id=&#8221;1&#8243;]<\/p>\n"},"excerpt":{"rendered":"<p>En el marco de la prevenci\u00f3n de riesgos en las \u00e1reas de orden, higiene y seguridad, nuestra querida comunidad escolar realiz\u00f3 el primer simulacro de evacuaci\u00f3n, el cual se desarroll\u00f3 durante la jornada. De manera muy ordenada los estudiantes se dirigieron a las zonas de seguridad internas del colegio. Los alumnos muy atentos siguieron las [&hellip;]<\/p>\n","protected":false},"author":14,"featured_media":10961,"comment_status":"open","ping_status":"open","sticky":false,"template":"","format":"standard","meta":{"_acf_changed":false,"content-type":"","_jetpack_memberships_contains_paid_content":false,"footnotes":""},"categories":[1],"tags":[],"class_list":["post-10957","post","type-post","status-publish","format-standard","has-post-thumbnail","hentry","category-vida-escolar"],"acf":[],"yoast_head":"<!-- This site is optimized with the Yoast SEO plugin v27.1.1 - https:\/\/yoast.com\/product\/yoast-seo-wordpress\/ -->\n<title>\ud83d\udce2Primer simulacro de evacuaci\u00f3n y reconocimiento de zonas seguras\ud83d\udce2 - Colegio Manquecura Ciudad de los Valles<\/title>\n<meta name=\"robots\" content=\"index, follow, max-snippet:-1, max-image-preview:large, max-video-preview:-1\" \/>\n<link rel=\"canonical\" href=\"https:\/\/www.manquecura.cl\/ciudad-de-los-valles\/noticias\/primer-simulacro-de-evacuacion-y-reconocimiento-de-zonas-seguras\/\" \/>\n<meta property=\"og:locale\" content=\"es_ES\" \/>\n<meta property=\"og:type\" content=\"article\" \/>\n<meta property=\"og:title\" content=\"\ud83d\udce2Primer simulacro de evacuaci\u00f3n y reconocimiento de zonas seguras\ud83d\udce2 - Colegio Manquecura Ciudad de los Valles\" \/>\n<meta property=\"og:description\" content=\"En el marco de la prevenci\u00f3n de riesgos en las \u00e1reas de orden, higiene y seguridad, nuestra querida comunidad escolar realiz\u00f3 el primer simulacro de evacuaci\u00f3n, el cual se desarroll\u00f3 durante la jornada. De manera muy ordenada los estudiantes se dirigieron a las zonas de seguridad internas del colegio. Los alumnos muy atentos siguieron las [&hellip;]\" \/>\n<meta property=\"og:url\" content=\"https:\/\/www.manquecura.cl\/ciudad-de-los-valles\/noticias\/primer-simulacro-de-evacuacion-y-reconocimiento-de-zonas-seguras\/\" \/>\n<meta property=\"og:site_name\" content=\"Colegio Manquecura Ciudad de los Valles\" \/>\n<meta property=\"article:publisher\" content=\"http:\/\/www.facebook.com\/ColegiosManquecura\" \/>\n<meta property=\"article:published_time\" content=\"2022-03-21T12:45:04+00:00\" \/>\n<meta property=\"og:image\" content=\"https:\/\/www.manquecura.cl\/ciudad-de-los-valles\/wp-content\/uploads\/sites\/42\/2022\/03\/4-3.jpg\" \/>\n\t<meta property=\"og:image:width\" content=\"836\" \/>\n\t<meta property=\"og:image:height\" content=\"523\" \/>\n\t<meta property=\"og:image:type\" content=\"image\/jpeg\" \/>\n<meta name=\"author\" content=\"jorgedelcampo\" \/>\n<meta name=\"twitter:card\" content=\"summary_large_image\" \/>\n<meta name=\"twitter:label1\" content=\"Escrito por\" \/>\n\t<meta name=\"twitter:data1\" content=\"jorgedelcampo\" \/>\n\t<meta name=\"twitter:label2\" content=\"Tiempo de lectura\" \/>\n\t<meta name=\"twitter:data2\" content=\"1 minuto\" \/>\n<script type=\"application\/ld+json\" class=\"yoast-schema-graph\">{\"@context\":\"https:\/\/schema.org\",\"@graph\":[{\"@type\":\"Article\",\"@id\":\"https:\/\/www.manquecura.cl\/ciudad-de-los-valles\/noticias\/primer-simulacro-de-evacuacion-y-reconocimiento-de-zonas-seguras\/#article\",\"isPartOf\":{\"@id\":\"https:\/\/www.manquecura.cl\/ciudad-de-los-valles\/noticias\/primer-simulacro-de-evacuacion-y-reconocimiento-de-zonas-seguras\/\"},\"author\":{\"name\":\"jorgedelcampo\",\"@id\":\"https:\/\/www.manquecura.cl\/ciudad-de-los-valles\/#\/schema\/person\/0debeea140e397b5d490ee7e553255d8\"},\"headline\":\"\ud83d\udce2Primer simulacro de evacuaci\u00f3n y reconocimiento de zonas seguras\ud83d\udce2\",\"datePublished\":\"2022-03-21T12:45:04+00:00\",\"mainEntityOfPage\":{\"@id\":\"https:\/\/www.manquecura.cl\/ciudad-de-los-valles\/noticias\/primer-simulacro-de-evacuacion-y-reconocimiento-de-zonas-seguras\/\"},\"wordCount\":151,\"commentCount\":0,\"publisher\":{\"@id\":\"https:\/\/www.manquecura.cl\/ciudad-de-los-valles\/#organization\"},\"image\":{\"@id\":\"https:\/\/www.manquecura.cl\/ciudad-de-los-valles\/noticias\/primer-simulacro-de-evacuacion-y-reconocimiento-de-zonas-seguras\/#primaryimage\"},\"thumbnailUrl\":\"https:\/\/www.manquecura.cl\/ciudad-de-los-valles\/wp-content\/uploads\/sites\/42\/2022\/03\/4-3.jpg\",\"articleSection\":[\"Vida Escolar\"],\"inLanguage\":\"es\",\"potentialAction\":[{\"@type\":\"CommentAction\",\"name\":\"Comment\",\"target\":[\"https:\/\/www.manquecura.cl\/ciudad-de-los-valles\/noticias\/primer-simulacro-de-evacuacion-y-reconocimiento-de-zonas-seguras\/#respond\"]}]},{\"@type\":\"WebPage\",\"@id\":\"https:\/\/www.manquecura.cl\/ciudad-de-los-valles\/noticias\/primer-simulacro-de-evacuacion-y-reconocimiento-de-zonas-seguras\/\",\"url\":\"https:\/\/www.manquecura.cl\/ciudad-de-los-valles\/noticias\/primer-simulacro-de-evacuacion-y-reconocimiento-de-zonas-seguras\/\",\"name\":\"\ud83d\udce2Primer simulacro de evacuaci\u00f3n y reconocimiento de zonas seguras\ud83d\udce2 - Colegio Manquecura Ciudad de los Valles\",\"isPartOf\":{\"@id\":\"https:\/\/www.manquecura.cl\/ciudad-de-los-valles\/#website\"},\"primaryImageOfPage\":{\"@id\":\"https:\/\/www.manquecura.cl\/ciudad-de-los-valles\/noticias\/primer-simulacro-de-evacuacion-y-reconocimiento-de-zonas-seguras\/#primaryimage\"},\"image\":{\"@id\":\"https:\/\/www.manquecura.cl\/ciudad-de-los-valles\/noticias\/primer-simulacro-de-evacuacion-y-reconocimiento-de-zonas-seguras\/#primaryimage\"},\"thumbnailUrl\":\"https:\/\/www.manquecura.cl\/ciudad-de-los-valles\/wp-content\/uploads\/sites\/42\/2022\/03\/4-3.jpg\",\"datePublished\":\"2022-03-21T12:45:04+00:00\",\"breadcrumb\":{\"@id\":\"https:\/\/www.manquecura.cl\/ciudad-de-los-valles\/noticias\/primer-simulacro-de-evacuacion-y-reconocimiento-de-zonas-seguras\/#breadcrumb\"},\"inLanguage\":\"es\",\"potentialAction\":[{\"@type\":\"ReadAction\",\"target\":[\"https:\/\/www.manquecura.cl\/ciudad-de-los-valles\/noticias\/primer-simulacro-de-evacuacion-y-reconocimiento-de-zonas-seguras\/\"]}]},{\"@type\":\"ImageObject\",\"inLanguage\":\"es\",\"@id\":\"https:\/\/www.manquecura.cl\/ciudad-de-los-valles\/noticias\/primer-simulacro-de-evacuacion-y-reconocimiento-de-zonas-seguras\/#primaryimage\",\"url\":\"https:\/\/www.manquecura.cl\/ciudad-de-los-valles\/wp-content\/uploads\/sites\/42\/2022\/03\/4-3.jpg\",\"contentUrl\":\"https:\/\/www.manquecura.cl\/ciudad-de-los-valles\/wp-content\/uploads\/sites\/42\/2022\/03\/4-3.jpg\",\"width\":836,\"height\":523},{\"@type\":\"BreadcrumbList\",\"@id\":\"https:\/\/www.manquecura.cl\/ciudad-de-los-valles\/noticias\/primer-simulacro-de-evacuacion-y-reconocimiento-de-zonas-seguras\/#breadcrumb\",\"itemListElement\":[{\"@type\":\"ListItem\",\"position\":1,\"name\":\"Home\",\"item\":\"https:\/\/www.manquecura.cl\/ciudad-de-los-valles\/\"},{\"@type\":\"ListItem\",\"position\":2,\"name\":\"\ud83d\udce2Primer simulacro de evacuaci\u00f3n y reconocimiento de zonas seguras\ud83d\udce2\"}]},{\"@type\":\"WebSite\",\"@id\":\"https:\/\/www.manquecura.cl\/ciudad-de-los-valles\/#website\",\"url\":\"https:\/\/www.manquecura.cl\/ciudad-de-los-valles\/\",\"name\":\"Colegio Manquecura Ciudad de los Valles\",\"description\":\"Cognita Schools\",\"publisher\":{\"@id\":\"https:\/\/www.manquecura.cl\/ciudad-de-los-valles\/#organization\"},\"potentialAction\":[{\"@type\":\"SearchAction\",\"target\":{\"@type\":\"EntryPoint\",\"urlTemplate\":\"https:\/\/www.manquecura.cl\/ciudad-de-los-valles\/?s={search_term_string}\"},\"query-input\":{\"@type\":\"PropertyValueSpecification\",\"valueRequired\":true,\"valueName\":\"search_term_string\"}}],\"inLanguage\":\"es\"},{\"@type\":\"Organization\",\"@id\":\"https:\/\/www.manquecura.cl\/ciudad-de-los-valles\/#organization\",\"name\":\"Colegio Manquecura Ciudad de los Valles\",\"url\":\"https:\/\/www.manquecura.cl\/ciudad-de-los-valles\/\",\"logo\":{\"@type\":\"ImageObject\",\"inLanguage\":\"es\",\"@id\":\"https:\/\/www.manquecura.cl\/ciudad-de-los-valles\/#\/schema\/logo\/image\/\",\"url\":\"https:\/\/www.manquecura.cl\/ciudad-de-los-valles\/wp-content\/uploads\/sites\/42\/2025\/02\/logo_Manquecura_Ciudad-de-Los-Valles_horizontal_color.jpg\",\"contentUrl\":\"https:\/\/www.manquecura.cl\/ciudad-de-los-valles\/wp-content\/uploads\/sites\/42\/2025\/02\/logo_Manquecura_Ciudad-de-Los-Valles_horizontal_color.jpg\",\"width\":599,\"height\":179,\"caption\":\"Colegio Manquecura Ciudad de los Valles\"},\"image\":{\"@id\":\"https:\/\/www.manquecura.cl\/ciudad-de-los-valles\/#\/schema\/logo\/image\/\"},\"sameAs\":[\"http:\/\/www.facebook.com\/ColegiosManquecura\",\"https:\/\/www.manquecura.cl\/ciudad-de-los-valles\/\",\"http:\/\/www.youtube.com\/c\/CognitaChile\"]},{\"@type\":\"Person\",\"@id\":\"https:\/\/www.manquecura.cl\/ciudad-de-los-valles\/#\/schema\/person\/0debeea140e397b5d490ee7e553255d8\",\"name\":\"jorgedelcampo\",\"image\":{\"@type\":\"ImageObject\",\"inLanguage\":\"es\",\"@id\":\"https:\/\/www.manquecura.cl\/ciudad-de-los-valles\/#\/schema\/person\/image\/\",\"url\":\"https:\/\/secure.gravatar.com\/avatar\/4a315f521213b2dc91dbda9bf799f711c8a98ab6f5606ec42cf5b33d1e762e8a?s=96&d=mm&r=g\",\"contentUrl\":\"https:\/\/secure.gravatar.com\/avatar\/4a315f521213b2dc91dbda9bf799f711c8a98ab6f5606ec42cf5b33d1e762e8a?s=96&d=mm&r=g\",\"caption\":\"jorgedelcampo\"}}]}<\/script>\n<!-- \/ Yoast SEO plugin. -->","yoast_head_json":{"title":"\ud83d\udce2Primer simulacro de evacuaci\u00f3n y reconocimiento de zonas seguras\ud83d\udce2 - Colegio Manquecura Ciudad de los Valles","robots":{"index":"index","follow":"follow","max-snippet":"max-snippet:-1","max-image-preview":"max-image-preview:large","max-video-preview":"max-video-preview:-1"},"canonical":"https:\/\/www.manquecura.cl\/ciudad-de-los-valles\/noticias\/primer-simulacro-de-evacuacion-y-reconocimiento-de-zonas-seguras\/","og_locale":"es_ES","og_type":"article","og_title":"\ud83d\udce2Primer simulacro de evacuaci\u00f3n y reconocimiento de zonas seguras\ud83d\udce2 - Colegio Manquecura Ciudad de los Valles","og_description":"En el marco de la prevenci\u00f3n de riesgos en las \u00e1reas de orden, higiene y seguridad, nuestra querida comunidad escolar realiz\u00f3 el primer simulacro de evacuaci\u00f3n, el cual se desarroll\u00f3 durante la jornada. De manera muy ordenada los estudiantes se dirigieron a las zonas de seguridad internas del colegio. Los alumnos muy atentos siguieron las [&hellip;]","og_url":"https:\/\/www.manquecura.cl\/ciudad-de-los-valles\/noticias\/primer-simulacro-de-evacuacion-y-reconocimiento-de-zonas-seguras\/","og_site_name":"Colegio Manquecura Ciudad de los Valles","article_publisher":"http:\/\/www.facebook.com\/ColegiosManquecura","article_published_time":"2022-03-21T12:45:04+00:00","og_image":[{"width":836,"height":523,"url":"https:\/\/www.manquecura.cl\/ciudad-de-los-valles\/wp-content\/uploads\/sites\/42\/2022\/03\/4-3.jpg","type":"image\/jpeg"}],"author":"jorgedelcampo","twitter_card":"summary_large_image","twitter_misc":{"Escrito por":"jorgedelcampo","Tiempo de lectura":"1 minuto"},"schema":{"@context":"https:\/\/schema.org","@graph":[{"@type":"Article","@id":"https:\/\/www.manquecura.cl\/ciudad-de-los-valles\/noticias\/primer-simulacro-de-evacuacion-y-reconocimiento-de-zonas-seguras\/#article","isPartOf":{"@id":"https:\/\/www.manquecura.cl\/ciudad-de-los-valles\/noticias\/primer-simulacro-de-evacuacion-y-reconocimiento-de-zonas-seguras\/"},"author":{"name":"jorgedelcampo","@id":"https:\/\/www.manquecura.cl\/ciudad-de-los-valles\/#\/schema\/person\/0debeea140e397b5d490ee7e553255d8"},"headline":"\ud83d\udce2Primer simulacro de evacuaci\u00f3n y reconocimiento de zonas seguras\ud83d\udce2","datePublished":"2022-03-21T12:45:04+00:00","mainEntityOfPage":{"@id":"https:\/\/www.manquecura.cl\/ciudad-de-los-valles\/noticias\/primer-simulacro-de-evacuacion-y-reconocimiento-de-zonas-seguras\/"},"wordCount":151,"commentCount":0,"publisher":{"@id":"https:\/\/www.manquecura.cl\/ciudad-de-los-valles\/#organization"},"image":{"@id":"https:\/\/www.manquecura.cl\/ciudad-de-los-valles\/noticias\/primer-simulacro-de-evacuacion-y-reconocimiento-de-zonas-seguras\/#primaryimage"},"thumbnailUrl":"https:\/\/www.manquecura.cl\/ciudad-de-los-valles\/wp-content\/uploads\/sites\/42\/2022\/03\/4-3.jpg","articleSection":["Vida Escolar"],"inLanguage":"es","potentialAction":[{"@type":"CommentAction","name":"Comment","target":["https:\/\/www.manquecura.cl\/ciudad-de-los-valles\/noticias\/primer-simulacro-de-evacuacion-y-reconocimiento-de-zonas-seguras\/#respond"]}]},{"@type":"WebPage","@id":"https:\/\/www.manquecura.cl\/ciudad-de-los-valles\/noticias\/primer-simulacro-de-evacuacion-y-reconocimiento-de-zonas-seguras\/","url":"https:\/\/www.manquecura.cl\/ciudad-de-los-valles\/noticias\/primer-simulacro-de-evacuacion-y-reconocimiento-de-zonas-seguras\/","name":"\ud83d\udce2Primer simulacro de evacuaci\u00f3n y reconocimiento de zonas seguras\ud83d\udce2 - Colegio Manquecura Ciudad de los Valles","isPartOf":{"@id":"https:\/\/www.manquecura.cl\/ciudad-de-los-valles\/#website"},"primaryImageOfPage":{"@id":"https:\/\/www.manquecura.cl\/ciudad-de-los-valles\/noticias\/primer-simulacro-de-evacuacion-y-reconocimiento-de-zonas-seguras\/#primaryimage"},"image":{"@id":"https:\/\/www.manquecura.cl\/ciudad-de-los-valles\/noticias\/primer-simulacro-de-evacuacion-y-reconocimiento-de-zonas-seguras\/#primaryimage"},"thumbnailUrl":"https:\/\/www.manquecura.cl\/ciudad-de-los-valles\/wp-content\/uploads\/sites\/42\/2022\/03\/4-3.jpg","datePublished":"2022-03-21T12:45:04+00:00","breadcrumb":{"@id":"https:\/\/www.manquecura.cl\/ciudad-de-los-valles\/noticias\/primer-simulacro-de-evacuacion-y-reconocimiento-de-zonas-seguras\/#breadcrumb"},"inLanguage":"es","potentialAction":[{"@type":"ReadAction","target":["https:\/\/www.manquecura.cl\/ciudad-de-los-valles\/noticias\/primer-simulacro-de-evacuacion-y-reconocimiento-de-zonas-seguras\/"]}]},{"@type":"ImageObject","inLanguage":"es","@id":"https:\/\/www.manquecura.cl\/ciudad-de-los-valles\/noticias\/primer-simulacro-de-evacuacion-y-reconocimiento-de-zonas-seguras\/#primaryimage","url":"https:\/\/www.manquecura.cl\/ciudad-de-los-valles\/wp-content\/uploads\/sites\/42\/2022\/03\/4-3.jpg","contentUrl":"https:\/\/www.manquecura.cl\/ciudad-de-los-valles\/wp-content\/uploads\/sites\/42\/2022\/03\/4-3.jpg","width":836,"height":523},{"@type":"BreadcrumbList","@id":"https:\/\/www.manquecura.cl\/ciudad-de-los-valles\/noticias\/primer-simulacro-de-evacuacion-y-reconocimiento-de-zonas-seguras\/#breadcrumb","itemListElement":[{"@type":"ListItem","position":1,"name":"Home","item":"https:\/\/www.manquecura.cl\/ciudad-de-los-valles\/"},{"@type":"ListItem","position":2,"name":"\ud83d\udce2Primer simulacro de evacuaci\u00f3n y reconocimiento de zonas seguras\ud83d\udce2"}]},{"@type":"WebSite","@id":"https:\/\/www.manquecura.cl\/ciudad-de-los-valles\/#website","url":"https:\/\/www.manquecura.cl\/ciudad-de-los-valles\/","name":"Colegio Manquecura Ciudad de los Valles","description":"Cognita Schools","publisher":{"@id":"https:\/\/www.manquecura.cl\/ciudad-de-los-valles\/#organization"},"potentialAction":[{"@type":"SearchAction","target":{"@type":"EntryPoint","urlTemplate":"https:\/\/www.manquecura.cl\/ciudad-de-los-valles\/?s={search_term_string}"},"query-input":{"@type":"PropertyValueSpecification","valueRequired":true,"valueName":"search_term_string"}}],"inLanguage":"es"},{"@type":"Organization","@id":"https:\/\/www.manquecura.cl\/ciudad-de-los-valles\/#organization","name":"Colegio Manquecura Ciudad de los Valles","url":"https:\/\/www.manquecura.cl\/ciudad-de-los-valles\/","logo":{"@type":"ImageObject","inLanguage":"es","@id":"https:\/\/www.manquecura.cl\/ciudad-de-los-valles\/#\/schema\/logo\/image\/","url":"https:\/\/www.manquecura.cl\/ciudad-de-los-valles\/wp-content\/uploads\/sites\/42\/2025\/02\/logo_Manquecura_Ciudad-de-Los-Valles_horizontal_color.jpg","contentUrl":"https:\/\/www.manquecura.cl\/ciudad-de-los-valles\/wp-content\/uploads\/sites\/42\/2025\/02\/logo_Manquecura_Ciudad-de-Los-Valles_horizontal_color.jpg","width":599,"height":179,"caption":"Colegio Manquecura Ciudad de los Valles"},"image":{"@id":"https:\/\/www.manquecura.cl\/ciudad-de-los-valles\/#\/schema\/logo\/image\/"},"sameAs":["http:\/\/www.facebook.com\/ColegiosManquecura","https:\/\/www.manquecura.cl\/ciudad-de-los-valles\/","http:\/\/www.youtube.com\/c\/CognitaChile"]},{"@type":"Person","@id":"https:\/\/www.manquecura.cl\/ciudad-de-los-valles\/#\/schema\/person\/0debeea140e397b5d490ee7e553255d8","name":"jorgedelcampo","image":{"@type":"ImageObject","inLanguage":"es","@id":"https:\/\/www.manquecura.cl\/ciudad-de-los-valles\/#\/schema\/person\/image\/","url":"https:\/\/secure.gravatar.com\/avatar\/4a315f521213b2dc91dbda9bf799f711c8a98ab6f5606ec42cf5b33d1e762e8a?s=96&d=mm&r=g","contentUrl":"https:\/\/secure.gravatar.com\/avatar\/4a315f521213b2dc91dbda9bf799f711c8a98ab6f5606ec42cf5b33d1e762e8a?s=96&d=mm&r=g","caption":"jorgedelcampo"}}]}},"jetpack_featured_media_url":"https:\/\/www.manquecura.cl\/ciudad-de-los-valles\/wp-content\/uploads\/sites\/42\/2022\/03\/4-3.jpg","previous_post_ID":10950,"previous_post_title":"DLA y alumnas de 5\u00b0 b\u00e1sico de la Red reciben importante premio internacional EdTech","previous_post_excerpt":"En el marco de nuestras actividades de cooperaci\u00f3n global, alumnas de 5to b\u00e1sico de Colegios Pumahue de la Red, junto a la Asesora de Aprendizaje Digital (DLA) de Cognita, Valeria Capetillo, fueron galardonadas por Tech for Good Challenge 2022 en la categor\u00eda \u201cReduciendo inequidades alrededor del mundo\u201d, con el proyecto de aplicaciones para empoderar a [&hellip;]","previous_post_link":"https:\/\/www.manquecura.cl\/ciudad-de-los-valles\/noticias\/dla-y-alumnas-de-5-basico-de-la-red-reciben-importante-premio-internacional-edtech\/","previous_post_class":["post-10950","post","type-post","status-publish","format-standard","has-post-thumbnail","hentry","category-vida-escolar"],"next_post_ID":11018,"next_post_title":"Cognita y iXperience regalan 4 becas iX LaunchPad para nuestros estudiantes de IV\u00b0 Medio","next_post_excerpt":"Cognita realiz\u00f3 por primera vez una asociaci\u00f3n educativa con iXperience, empresa global de EdTech fundada en 2013. Los alumnos de IV\u00b0 medio de nuestro colegio, Mart\u00edn Rozas, Daniel Rossel, Edgardo Guianatti y Vicente Petit-Breuilh (no aparece su foto, ya que se encuentra en el viaje de intercambio), participar\u00e1n de un curso online de Marketing Digital, [&hellip;]","next_post_link":"https:\/\/www.manquecura.cl\/ciudad-de-los-valles\/noticias\/cognita-y-ixperience-regalan-4-becas-ix-launchpad-para-nuestros-estudiantes-de-iv-medio\/","next_post_class":["post-11018","post","type-post","status-publish","format-standard","has-post-thumbnail","hentry","category-vida-escolar"],"jetpack_sharing_enabled":true,"_links":{"self":[{"href":"https:\/\/www.manquecura.cl\/ciudad-de-los-valles\/wp-json\/wp\/v2\/posts\/10957","targetHints":{"allow":["GET"]}}],"collection":[{"href":"https:\/\/www.manquecura.cl\/ciudad-de-los-valles\/wp-json\/wp\/v2\/posts"}],"about":[{"href":"https:\/\/www.manquecura.cl\/ciudad-de-los-valles\/wp-json\/wp\/v2\/types\/post"}],"author":[{"embeddable":true,"href":"https:\/\/www.manquecura.cl\/ciudad-de-los-valles\/wp-json\/wp\/v2\/users\/14"}],"replies":[{"embeddable":true,"href":"https:\/\/www.manquecura.cl\/ciudad-de-los-valles\/wp-json\/wp\/v2\/comments?post=10957"}],"version-history":[{"count":0,"href":"https:\/\/www.manquecura.cl\/ciudad-de-los-valles\/wp-json\/wp\/v2\/posts\/10957\/revisions"}],"wp:featuredmedia":[{"embeddable":true,"href":"https:\/\/www.manquecura.cl\/ciudad-de-los-valles\/wp-json\/wp\/v2\/media\/10961"}],"wp:attachment":[{"href":"https:\/\/www.manquecura.cl\/ciudad-de-los-valles\/wp-json\/wp\/v2\/media?parent=10957"}],"wp:term":[{"taxonomy":"category","embeddable":true,"href":"https:\/\/www.manquecura.cl\/ciudad-de-los-valles\/wp-json\/wp\/v2\/categories?post=10957"},{"taxonomy":"post_tag","embeddable":true,"href":"https:\/\/www.manquecura.cl\/ciudad-de-los-valles\/wp-json\/wp\/v2\/tags?post=10957"}],"curies":[{"name":"wp","href":"https:\/\/api.w.org\/{rel}","templated":true}]}}