{"id":10745,"date":"2022-02-07T12:46:53","date_gmt":"2022-02-07T15:46:53","guid":{"rendered":"https:\/\/www.manquecura.cl\/ciudad-de-los-valles\/?p=10745"},"modified":"2022-02-07T12:46:53","modified_gmt":"2022-02-07T15:46:53","slug":"capacitacion-a-mas-de-mil-docentes-de-cognita","status":"publish","type":"post","link":"https:\/\/www.manquecura.cl\/ciudad-de-los-valles\/noticias\/capacitacion-a-mas-de-mil-docentes-de-cognita\/","title":{"rendered":"Capacitaci\u00f3n a m\u00e1s de mil docentes de Cognita"},"content":{"rendered":"<p>Porque la capacitaci\u00f3n constante y el desarrollo docente es trascendental para Cognita, queremos contarles que, a partir de diciembre de 2021, m\u00e1s de mil colaboradores de los distintos establecimientos de la red en Chile iniciaron nuevos caminos de aprendizaje.<\/p>\n<p>En ese contexto, <strong>212 profesores comenzaron un diplomado en la Universidad Cat\u00f3lica de Valpara\u00edso<\/strong>, centrado en adquirir estrategias pedag\u00f3gicas para el aprendizaje profundo con integraci\u00f3n de tecnolog\u00edas, cuyo objetivo se centra en desarrollar competencias con base en una metodolog\u00eda de aprendizaje te\u00f3rico-pr\u00e1ctica que les permitir\u00e1 a los participantes reflexionar e implementar modificaciones concretas en sus pr\u00e1cticas pedag\u00f3gicas, coherentes con su contexto y con los desaf\u00edos que implica ser activadores de los aprendizajes en los estudiantes de la sociedad actual.<\/p>\n<p>Adicionalmente, <strong>812 docentes<\/strong> participaron en capacitaciones de herramientas digitales para la educaci\u00f3n, impartidas por especialistas de Microsoft, nuestro partner tecnol\u00f3gico. Con esto,<strong> m\u00e1s del 75% de los profesores de Cognita Chile cuentan con la certificaci\u00f3n Microsoft Innnovative Educators,<\/strong> lo cual significa no s\u00f3lo estar al d\u00eda en el uso de herramientas digitales para las evaluaciones, sino tambi\u00e9n, mejorar la diversidad y la idoneidad de los formatos y enfoques de \u00e9stas, y del progreso cr\u00edtico de nuestros estudiantes, contemplando retroalimentaci\u00f3n y estrategias que orienten a los alumnos en su proceso de aprendizaje.<\/p>\n<p>Sin duda una excelente noticia para toda la comunidad educativa, pues vamos alcanzando objetivos planteados como instituci\u00f3n, principalmente en el \u00e1rea de<strong> EdTech<\/strong>, reconociendo su relevancia como medio para resolver los desaf\u00edos educacionales de un mundo durante y despu\u00e9s de la pandemia.<\/p>\n"},"excerpt":{"rendered":"<p>Porque la capacitaci\u00f3n constante y el desarrollo docente es trascendental para Cognita, queremos contarles que, a partir de diciembre de 2021, m\u00e1s de mil colaboradores de los distintos establecimientos de la red en Chile iniciaron nuevos caminos de aprendizaje. En ese contexto, 212 profesores comenzaron un diplomado en la Universidad Cat\u00f3lica de Valpara\u00edso, centrado en [&hellip;]<\/p>\n","protected":false},"author":14,"featured_media":10746,"comment_status":"open","ping_status":"open","sticky":false,"template":"","format":"standard","meta":{"_acf_changed":false,"content-type":"","_jetpack_memberships_contains_paid_content":false,"footnotes":""},"categories":[1],"tags":[],"class_list":["post-10745","post","type-post","status-publish","format-standard","has-post-thumbnail","hentry","category-vida-escolar"],"acf":[],"yoast_head":"<!-- This site is optimized with the Yoast SEO plugin v27.1.1 - https:\/\/yoast.com\/product\/yoast-seo-wordpress\/ -->\n<title>Capacitaci\u00f3n a m\u00e1s de mil docentes de Cognita - Colegio Manquecura Ciudad de los Valles<\/title>\n<meta name=\"robots\" content=\"index, follow, max-snippet:-1, max-image-preview:large, max-video-preview:-1\" \/>\n<link rel=\"canonical\" href=\"https:\/\/www.manquecura.cl\/ciudad-de-los-valles\/noticias\/capacitacion-a-mas-de-mil-docentes-de-cognita\/\" \/>\n<meta property=\"og:locale\" content=\"es_ES\" \/>\n<meta property=\"og:type\" content=\"article\" \/>\n<meta property=\"og:title\" content=\"Capacitaci\u00f3n a m\u00e1s de mil docentes de Cognita - Colegio Manquecura Ciudad de los Valles\" \/>\n<meta property=\"og:description\" content=\"Porque la capacitaci\u00f3n constante y el desarrollo docente es trascendental para Cognita, queremos contarles que, a partir de diciembre de 2021, m\u00e1s de mil colaboradores de los distintos establecimientos de la red en Chile iniciaron nuevos caminos de aprendizaje. En ese contexto, 212 profesores comenzaron un diplomado en la Universidad Cat\u00f3lica de Valpara\u00edso, centrado en [&hellip;]\" \/>\n<meta property=\"og:url\" content=\"https:\/\/www.manquecura.cl\/ciudad-de-los-valles\/noticias\/capacitacion-a-mas-de-mil-docentes-de-cognita\/\" \/>\n<meta property=\"og:site_name\" content=\"Colegio Manquecura Ciudad de los Valles\" \/>\n<meta property=\"article:publisher\" content=\"http:\/\/www.facebook.com\/ColegiosManquecura\" \/>\n<meta property=\"article:published_time\" content=\"2022-02-07T15:46:53+00:00\" \/>\n<meta property=\"og:image\" content=\"https:\/\/www.manquecura.cl\/ciudad-de-los-valles\/wp-content\/uploads\/sites\/42\/2022\/02\/MicrosoftTeams-capacitacion-docente.jpg\" \/>\n\t<meta property=\"og:image:width\" content=\"836\" \/>\n\t<meta property=\"og:image:height\" content=\"523\" \/>\n\t<meta property=\"og:image:type\" content=\"image\/jpeg\" \/>\n<meta name=\"author\" content=\"jorgedelcampo\" \/>\n<meta name=\"twitter:card\" content=\"summary_large_image\" \/>\n<meta name=\"twitter:label1\" content=\"Escrito por\" \/>\n\t<meta name=\"twitter:data1\" content=\"jorgedelcampo\" \/>\n\t<meta name=\"twitter:label2\" content=\"Tiempo de lectura\" \/>\n\t<meta name=\"twitter:data2\" content=\"1 minuto\" \/>\n<script type=\"application\/ld+json\" class=\"yoast-schema-graph\">{\"@context\":\"https:\/\/schema.org\",\"@graph\":[{\"@type\":\"Article\",\"@id\":\"https:\/\/www.manquecura.cl\/ciudad-de-los-valles\/noticias\/capacitacion-a-mas-de-mil-docentes-de-cognita\/#article\",\"isPartOf\":{\"@id\":\"https:\/\/www.manquecura.cl\/ciudad-de-los-valles\/noticias\/capacitacion-a-mas-de-mil-docentes-de-cognita\/\"},\"author\":{\"name\":\"jorgedelcampo\",\"@id\":\"https:\/\/www.manquecura.cl\/ciudad-de-los-valles\/#\/schema\/person\/0debeea140e397b5d490ee7e553255d8\"},\"headline\":\"Capacitaci\u00f3n a m\u00e1s de mil docentes de Cognita\",\"datePublished\":\"2022-02-07T15:46:53+00:00\",\"mainEntityOfPage\":{\"@id\":\"https:\/\/www.manquecura.cl\/ciudad-de-los-valles\/noticias\/capacitacion-a-mas-de-mil-docentes-de-cognita\/\"},\"wordCount\":282,\"commentCount\":0,\"publisher\":{\"@id\":\"https:\/\/www.manquecura.cl\/ciudad-de-los-valles\/#organization\"},\"image\":{\"@id\":\"https:\/\/www.manquecura.cl\/ciudad-de-los-valles\/noticias\/capacitacion-a-mas-de-mil-docentes-de-cognita\/#primaryimage\"},\"thumbnailUrl\":\"https:\/\/www.manquecura.cl\/ciudad-de-los-valles\/wp-content\/uploads\/sites\/42\/2022\/02\/MicrosoftTeams-capacitacion-docente.jpg\",\"articleSection\":[\"Vida Escolar\"],\"inLanguage\":\"es\",\"potentialAction\":[{\"@type\":\"CommentAction\",\"name\":\"Comment\",\"target\":[\"https:\/\/www.manquecura.cl\/ciudad-de-los-valles\/noticias\/capacitacion-a-mas-de-mil-docentes-de-cognita\/#respond\"]}]},{\"@type\":\"WebPage\",\"@id\":\"https:\/\/www.manquecura.cl\/ciudad-de-los-valles\/noticias\/capacitacion-a-mas-de-mil-docentes-de-cognita\/\",\"url\":\"https:\/\/www.manquecura.cl\/ciudad-de-los-valles\/noticias\/capacitacion-a-mas-de-mil-docentes-de-cognita\/\",\"name\":\"Capacitaci\u00f3n a m\u00e1s de mil docentes de Cognita - Colegio Manquecura Ciudad de los Valles\",\"isPartOf\":{\"@id\":\"https:\/\/www.manquecura.cl\/ciudad-de-los-valles\/#website\"},\"primaryImageOfPage\":{\"@id\":\"https:\/\/www.manquecura.cl\/ciudad-de-los-valles\/noticias\/capacitacion-a-mas-de-mil-docentes-de-cognita\/#primaryimage\"},\"image\":{\"@id\":\"https:\/\/www.manquecura.cl\/ciudad-de-los-valles\/noticias\/capacitacion-a-mas-de-mil-docentes-de-cognita\/#primaryimage\"},\"thumbnailUrl\":\"https:\/\/www.manquecura.cl\/ciudad-de-los-valles\/wp-content\/uploads\/sites\/42\/2022\/02\/MicrosoftTeams-capacitacion-docente.jpg\",\"datePublished\":\"2022-02-07T15:46:53+00:00\",\"breadcrumb\":{\"@id\":\"https:\/\/www.manquecura.cl\/ciudad-de-los-valles\/noticias\/capacitacion-a-mas-de-mil-docentes-de-cognita\/#breadcrumb\"},\"inLanguage\":\"es\",\"potentialAction\":[{\"@type\":\"ReadAction\",\"target\":[\"https:\/\/www.manquecura.cl\/ciudad-de-los-valles\/noticias\/capacitacion-a-mas-de-mil-docentes-de-cognita\/\"]}]},{\"@type\":\"ImageObject\",\"inLanguage\":\"es\",\"@id\":\"https:\/\/www.manquecura.cl\/ciudad-de-los-valles\/noticias\/capacitacion-a-mas-de-mil-docentes-de-cognita\/#primaryimage\",\"url\":\"https:\/\/www.manquecura.cl\/ciudad-de-los-valles\/wp-content\/uploads\/sites\/42\/2022\/02\/MicrosoftTeams-capacitacion-docente.jpg\",\"contentUrl\":\"https:\/\/www.manquecura.cl\/ciudad-de-los-valles\/wp-content\/uploads\/sites\/42\/2022\/02\/MicrosoftTeams-capacitacion-docente.jpg\",\"width\":836,\"height\":523},{\"@type\":\"BreadcrumbList\",\"@id\":\"https:\/\/www.manquecura.cl\/ciudad-de-los-valles\/noticias\/capacitacion-a-mas-de-mil-docentes-de-cognita\/#breadcrumb\",\"itemListElement\":[{\"@type\":\"ListItem\",\"position\":1,\"name\":\"Home\",\"item\":\"https:\/\/www.manquecura.cl\/ciudad-de-los-valles\/\"},{\"@type\":\"ListItem\",\"position\":2,\"name\":\"Capacitaci\u00f3n a m\u00e1s de mil docentes de Cognita\"}]},{\"@type\":\"WebSite\",\"@id\":\"https:\/\/www.manquecura.cl\/ciudad-de-los-valles\/#website\",\"url\":\"https:\/\/www.manquecura.cl\/ciudad-de-los-valles\/\",\"name\":\"Colegio Manquecura Ciudad de los Valles\",\"description\":\"Cognita Schools\",\"publisher\":{\"@id\":\"https:\/\/www.manquecura.cl\/ciudad-de-los-valles\/#organization\"},\"potentialAction\":[{\"@type\":\"SearchAction\",\"target\":{\"@type\":\"EntryPoint\",\"urlTemplate\":\"https:\/\/www.manquecura.cl\/ciudad-de-los-valles\/?s={search_term_string}\"},\"query-input\":{\"@type\":\"PropertyValueSpecification\",\"valueRequired\":true,\"valueName\":\"search_term_string\"}}],\"inLanguage\":\"es\"},{\"@type\":\"Organization\",\"@id\":\"https:\/\/www.manquecura.cl\/ciudad-de-los-valles\/#organization\",\"name\":\"Colegio Manquecura Ciudad de los Valles\",\"url\":\"https:\/\/www.manquecura.cl\/ciudad-de-los-valles\/\",\"logo\":{\"@type\":\"ImageObject\",\"inLanguage\":\"es\",\"@id\":\"https:\/\/www.manquecura.cl\/ciudad-de-los-valles\/#\/schema\/logo\/image\/\",\"url\":\"https:\/\/www.manquecura.cl\/ciudad-de-los-valles\/wp-content\/uploads\/sites\/42\/2025\/02\/logo_Manquecura_Ciudad-de-Los-Valles_horizontal_color.jpg\",\"contentUrl\":\"https:\/\/www.manquecura.cl\/ciudad-de-los-valles\/wp-content\/uploads\/sites\/42\/2025\/02\/logo_Manquecura_Ciudad-de-Los-Valles_horizontal_color.jpg\",\"width\":599,\"height\":179,\"caption\":\"Colegio Manquecura Ciudad de los Valles\"},\"image\":{\"@id\":\"https:\/\/www.manquecura.cl\/ciudad-de-los-valles\/#\/schema\/logo\/image\/\"},\"sameAs\":[\"http:\/\/www.facebook.com\/ColegiosManquecura\",\"https:\/\/www.manquecura.cl\/ciudad-de-los-valles\/\",\"http:\/\/www.youtube.com\/c\/CognitaChile\"]},{\"@type\":\"Person\",\"@id\":\"https:\/\/www.manquecura.cl\/ciudad-de-los-valles\/#\/schema\/person\/0debeea140e397b5d490ee7e553255d8\",\"name\":\"jorgedelcampo\",\"image\":{\"@type\":\"ImageObject\",\"inLanguage\":\"es\",\"@id\":\"https:\/\/www.manquecura.cl\/ciudad-de-los-valles\/#\/schema\/person\/image\/\",\"url\":\"https:\/\/secure.gravatar.com\/avatar\/4a315f521213b2dc91dbda9bf799f711c8a98ab6f5606ec42cf5b33d1e762e8a?s=96&d=mm&r=g\",\"contentUrl\":\"https:\/\/secure.gravatar.com\/avatar\/4a315f521213b2dc91dbda9bf799f711c8a98ab6f5606ec42cf5b33d1e762e8a?s=96&d=mm&r=g\",\"caption\":\"jorgedelcampo\"}}]}<\/script>\n<!-- \/ Yoast SEO plugin. -->","yoast_head_json":{"title":"Capacitaci\u00f3n a m\u00e1s de mil docentes de Cognita - Colegio Manquecura Ciudad de los Valles","robots":{"index":"index","follow":"follow","max-snippet":"max-snippet:-1","max-image-preview":"max-image-preview:large","max-video-preview":"max-video-preview:-1"},"canonical":"https:\/\/www.manquecura.cl\/ciudad-de-los-valles\/noticias\/capacitacion-a-mas-de-mil-docentes-de-cognita\/","og_locale":"es_ES","og_type":"article","og_title":"Capacitaci\u00f3n a m\u00e1s de mil docentes de Cognita - Colegio Manquecura Ciudad de los Valles","og_description":"Porque la capacitaci\u00f3n constante y el desarrollo docente es trascendental para Cognita, queremos contarles que, a partir de diciembre de 2021, m\u00e1s de mil colaboradores de los distintos establecimientos de la red en Chile iniciaron nuevos caminos de aprendizaje. En ese contexto, 212 profesores comenzaron un diplomado en la Universidad Cat\u00f3lica de Valpara\u00edso, centrado en [&hellip;]","og_url":"https:\/\/www.manquecura.cl\/ciudad-de-los-valles\/noticias\/capacitacion-a-mas-de-mil-docentes-de-cognita\/","og_site_name":"Colegio Manquecura Ciudad de los Valles","article_publisher":"http:\/\/www.facebook.com\/ColegiosManquecura","article_published_time":"2022-02-07T15:46:53+00:00","og_image":[{"width":836,"height":523,"url":"https:\/\/www.manquecura.cl\/ciudad-de-los-valles\/wp-content\/uploads\/sites\/42\/2022\/02\/MicrosoftTeams-capacitacion-docente.jpg","type":"image\/jpeg"}],"author":"jorgedelcampo","twitter_card":"summary_large_image","twitter_misc":{"Escrito por":"jorgedelcampo","Tiempo de lectura":"1 minuto"},"schema":{"@context":"https:\/\/schema.org","@graph":[{"@type":"Article","@id":"https:\/\/www.manquecura.cl\/ciudad-de-los-valles\/noticias\/capacitacion-a-mas-de-mil-docentes-de-cognita\/#article","isPartOf":{"@id":"https:\/\/www.manquecura.cl\/ciudad-de-los-valles\/noticias\/capacitacion-a-mas-de-mil-docentes-de-cognita\/"},"author":{"name":"jorgedelcampo","@id":"https:\/\/www.manquecura.cl\/ciudad-de-los-valles\/#\/schema\/person\/0debeea140e397b5d490ee7e553255d8"},"headline":"Capacitaci\u00f3n a m\u00e1s de mil docentes de Cognita","datePublished":"2022-02-07T15:46:53+00:00","mainEntityOfPage":{"@id":"https:\/\/www.manquecura.cl\/ciudad-de-los-valles\/noticias\/capacitacion-a-mas-de-mil-docentes-de-cognita\/"},"wordCount":282,"commentCount":0,"publisher":{"@id":"https:\/\/www.manquecura.cl\/ciudad-de-los-valles\/#organization"},"image":{"@id":"https:\/\/www.manquecura.cl\/ciudad-de-los-valles\/noticias\/capacitacion-a-mas-de-mil-docentes-de-cognita\/#primaryimage"},"thumbnailUrl":"https:\/\/www.manquecura.cl\/ciudad-de-los-valles\/wp-content\/uploads\/sites\/42\/2022\/02\/MicrosoftTeams-capacitacion-docente.jpg","articleSection":["Vida Escolar"],"inLanguage":"es","potentialAction":[{"@type":"CommentAction","name":"Comment","target":["https:\/\/www.manquecura.cl\/ciudad-de-los-valles\/noticias\/capacitacion-a-mas-de-mil-docentes-de-cognita\/#respond"]}]},{"@type":"WebPage","@id":"https:\/\/www.manquecura.cl\/ciudad-de-los-valles\/noticias\/capacitacion-a-mas-de-mil-docentes-de-cognita\/","url":"https:\/\/www.manquecura.cl\/ciudad-de-los-valles\/noticias\/capacitacion-a-mas-de-mil-docentes-de-cognita\/","name":"Capacitaci\u00f3n a m\u00e1s de mil docentes de Cognita - Colegio Manquecura Ciudad de los Valles","isPartOf":{"@id":"https:\/\/www.manquecura.cl\/ciudad-de-los-valles\/#website"},"primaryImageOfPage":{"@id":"https:\/\/www.manquecura.cl\/ciudad-de-los-valles\/noticias\/capacitacion-a-mas-de-mil-docentes-de-cognita\/#primaryimage"},"image":{"@id":"https:\/\/www.manquecura.cl\/ciudad-de-los-valles\/noticias\/capacitacion-a-mas-de-mil-docentes-de-cognita\/#primaryimage"},"thumbnailUrl":"https:\/\/www.manquecura.cl\/ciudad-de-los-valles\/wp-content\/uploads\/sites\/42\/2022\/02\/MicrosoftTeams-capacitacion-docente.jpg","datePublished":"2022-02-07T15:46:53+00:00","breadcrumb":{"@id":"https:\/\/www.manquecura.cl\/ciudad-de-los-valles\/noticias\/capacitacion-a-mas-de-mil-docentes-de-cognita\/#breadcrumb"},"inLanguage":"es","potentialAction":[{"@type":"ReadAction","target":["https:\/\/www.manquecura.cl\/ciudad-de-los-valles\/noticias\/capacitacion-a-mas-de-mil-docentes-de-cognita\/"]}]},{"@type":"ImageObject","inLanguage":"es","@id":"https:\/\/www.manquecura.cl\/ciudad-de-los-valles\/noticias\/capacitacion-a-mas-de-mil-docentes-de-cognita\/#primaryimage","url":"https:\/\/www.manquecura.cl\/ciudad-de-los-valles\/wp-content\/uploads\/sites\/42\/2022\/02\/MicrosoftTeams-capacitacion-docente.jpg","contentUrl":"https:\/\/www.manquecura.cl\/ciudad-de-los-valles\/wp-content\/uploads\/sites\/42\/2022\/02\/MicrosoftTeams-capacitacion-docente.jpg","width":836,"height":523},{"@type":"BreadcrumbList","@id":"https:\/\/www.manquecura.cl\/ciudad-de-los-valles\/noticias\/capacitacion-a-mas-de-mil-docentes-de-cognita\/#breadcrumb","itemListElement":[{"@type":"ListItem","position":1,"name":"Home","item":"https:\/\/www.manquecura.cl\/ciudad-de-los-valles\/"},{"@type":"ListItem","position":2,"name":"Capacitaci\u00f3n a m\u00e1s de mil docentes de Cognita"}]},{"@type":"WebSite","@id":"https:\/\/www.manquecura.cl\/ciudad-de-los-valles\/#website","url":"https:\/\/www.manquecura.cl\/ciudad-de-los-valles\/","name":"Colegio Manquecura Ciudad de los Valles","description":"Cognita Schools","publisher":{"@id":"https:\/\/www.manquecura.cl\/ciudad-de-los-valles\/#organization"},"potentialAction":[{"@type":"SearchAction","target":{"@type":"EntryPoint","urlTemplate":"https:\/\/www.manquecura.cl\/ciudad-de-los-valles\/?s={search_term_string}"},"query-input":{"@type":"PropertyValueSpecification","valueRequired":true,"valueName":"search_term_string"}}],"inLanguage":"es"},{"@type":"Organization","@id":"https:\/\/www.manquecura.cl\/ciudad-de-los-valles\/#organization","name":"Colegio Manquecura Ciudad de los Valles","url":"https:\/\/www.manquecura.cl\/ciudad-de-los-valles\/","logo":{"@type":"ImageObject","inLanguage":"es","@id":"https:\/\/www.manquecura.cl\/ciudad-de-los-valles\/#\/schema\/logo\/image\/","url":"https:\/\/www.manquecura.cl\/ciudad-de-los-valles\/wp-content\/uploads\/sites\/42\/2025\/02\/logo_Manquecura_Ciudad-de-Los-Valles_horizontal_color.jpg","contentUrl":"https:\/\/www.manquecura.cl\/ciudad-de-los-valles\/wp-content\/uploads\/sites\/42\/2025\/02\/logo_Manquecura_Ciudad-de-Los-Valles_horizontal_color.jpg","width":599,"height":179,"caption":"Colegio Manquecura Ciudad de los Valles"},"image":{"@id":"https:\/\/www.manquecura.cl\/ciudad-de-los-valles\/#\/schema\/logo\/image\/"},"sameAs":["http:\/\/www.facebook.com\/ColegiosManquecura","https:\/\/www.manquecura.cl\/ciudad-de-los-valles\/","http:\/\/www.youtube.com\/c\/CognitaChile"]},{"@type":"Person","@id":"https:\/\/www.manquecura.cl\/ciudad-de-los-valles\/#\/schema\/person\/0debeea140e397b5d490ee7e553255d8","name":"jorgedelcampo","image":{"@type":"ImageObject","inLanguage":"es","@id":"https:\/\/www.manquecura.cl\/ciudad-de-los-valles\/#\/schema\/person\/image\/","url":"https:\/\/secure.gravatar.com\/avatar\/4a315f521213b2dc91dbda9bf799f711c8a98ab6f5606ec42cf5b33d1e762e8a?s=96&d=mm&r=g","contentUrl":"https:\/\/secure.gravatar.com\/avatar\/4a315f521213b2dc91dbda9bf799f711c8a98ab6f5606ec42cf5b33d1e762e8a?s=96&d=mm&r=g","caption":"jorgedelcampo"}}]}},"jetpack_featured_media_url":"https:\/\/www.manquecura.cl\/ciudad-de-los-valles\/wp-content\/uploads\/sites\/42\/2022\/02\/MicrosoftTeams-capacitacion-docente.jpg","previous_post_ID":10721,"previous_post_title":"\u2728\u2708\u00a1Felicitaciones a Sebasti\u00e1n Verdugo Urz\u00faa nuestro alumno Star Pupil!\u2708\u2728","previous_post_excerpt":"Con mucho orgullo nuestro rector Sr. Sergio Quevedo, junto al director de estudios de educaci\u00f3n media Sr. Pedro Quiroga, anunci\u00f3 a los padres de Sebasti\u00e1n Verdugo Urz\u00faa, quien curs\u00f3 a III\u00b0 medio, que fue seleccionado para participar, con todos los gastos pagados, en el Programa Internacional de Intercambio a Londres, durante cinco semanas, distribuidas en [&hellip;]","previous_post_link":"https:\/\/www.manquecura.cl\/ciudad-de-los-valles\/noticias\/%e2%9c%a8%e2%9c%88felicitaciones-a-sebastian-verdugo-urzua-nuestro-alumno-star-pupil%e2%9c%88%e2%9c%a8\/","previous_post_class":["post-10721","post","type-post","status-publish","format-standard","has-post-thumbnail","hentry","category-vida-escolar"],"next_post_ID":10801,"next_post_title":"\ud83d\udce2Nuevo protocolo Covid-19 para establecimientos educacionales\ud83d\udce2","next_post_excerpt":"Informamos a nuestra comunidad que el Ministerio de Educaci\u00f3n comparti\u00f3 la actualizaci\u00f3n del nuevo Protocolo de medidas sanitarias y vigilancia epidemiol\u00f3gica para establecimientos educacionales. Es bajo este contexto, que es muy importante que lo revise y conozca los detalles, ya que nuestro colegio se regir\u00e1 y tomar\u00e1 acciones en base a lo establecido en protocolo [&hellip;]","next_post_link":"https:\/\/www.manquecura.cl\/ciudad-de-los-valles\/noticias\/nuevo-protocolo-covid-19-para-establecimientos-educacionales\/","next_post_class":["post-10801","post","type-post","status-publish","format-standard","has-post-thumbnail","hentry","category-vida-escolar"],"jetpack_sharing_enabled":true,"_links":{"self":[{"href":"https:\/\/www.manquecura.cl\/ciudad-de-los-valles\/wp-json\/wp\/v2\/posts\/10745","targetHints":{"allow":["GET"]}}],"collection":[{"href":"https:\/\/www.manquecura.cl\/ciudad-de-los-valles\/wp-json\/wp\/v2\/posts"}],"about":[{"href":"https:\/\/www.manquecura.cl\/ciudad-de-los-valles\/wp-json\/wp\/v2\/types\/post"}],"author":[{"embeddable":true,"href":"https:\/\/www.manquecura.cl\/ciudad-de-los-valles\/wp-json\/wp\/v2\/users\/14"}],"replies":[{"embeddable":true,"href":"https:\/\/www.manquecura.cl\/ciudad-de-los-valles\/wp-json\/wp\/v2\/comments?post=10745"}],"version-history":[{"count":0,"href":"https:\/\/www.manquecura.cl\/ciudad-de-los-valles\/wp-json\/wp\/v2\/posts\/10745\/revisions"}],"wp:featuredmedia":[{"embeddable":true,"href":"https:\/\/www.manquecura.cl\/ciudad-de-los-valles\/wp-json\/wp\/v2\/media\/10746"}],"wp:attachment":[{"href":"https:\/\/www.manquecura.cl\/ciudad-de-los-valles\/wp-json\/wp\/v2\/media?parent=10745"}],"wp:term":[{"taxonomy":"category","embeddable":true,"href":"https:\/\/www.manquecura.cl\/ciudad-de-los-valles\/wp-json\/wp\/v2\/categories?post=10745"},{"taxonomy":"post_tag","embeddable":true,"href":"https:\/\/www.manquecura.cl\/ciudad-de-los-valles\/wp-json\/wp\/v2\/tags?post=10745"}],"curies":[{"name":"wp","href":"https:\/\/api.w.org\/{rel}","templated":true}]}}